{"id":4718,"date":"2017-12-19T08:50:27","date_gmt":"2017-12-19T07:50:27","guid":{"rendered":"http:\/\/blog.iesacumella.cat\/?p=4718"},"modified":"2017-12-19T08:50:27","modified_gmt":"2017-12-19T07:50:27","slug":"presentacio-constitucio-cooperativa-sewingwood","status":"publish","type":"post","link":"https:\/\/agora.xtec.cat\/iesacumella\/portada\/general\/presentacio-constitucio-cooperativa-sewingwood\/","title":{"rendered":"Presentaci\u00f3 i constituci\u00f3 de la Cooperativa: SEWINGWOOD"},"content":{"rendered":"<p dir=\"ltr\">El passat divendres dia 10 de novembre varem presentar la nova cooperativa del PIM, SEWINGWOOD.<\/p>\n<p dir=\"ltr\">V\u00e0rem estar acompanyats per en Llu\u00eds Serra, el nostre director i la cooperativa Handwork de l\u2019Aula Oberta.<\/p>\n<p dir=\"ltr\"><a href=\"http:\/\/agora.xtec.cat\/iesacumella\/wp-content\/uploads\/usu1642\/2017\/12\/P1000691.jpg\"><img loading=\"lazy\" decoding=\"async\" class=\"aligncenter size-medium wp-image-4720\" src=\"http:\/\/agora.xtec.cat\/iesacumella\/wp-content\/uploads\/usu1642\/2017\/12\/P1000691-300x225.jpg\" alt=\"P1000691\" width=\"300\" height=\"225\" srcset=\"https:\/\/agora.xtec.cat\/iesacumella\/wp-content\/uploads\/usu1642\/2017\/12\/P1000691-300x225.jpg 300w, https:\/\/agora.xtec.cat\/iesacumella\/wp-content\/uploads\/usu1642\/2017\/12\/P1000691-768x577.jpg 768w, https:\/\/agora.xtec.cat\/iesacumella\/wp-content\/uploads\/usu1642\/2017\/12\/P1000691-1024x769.jpg 1024w, https:\/\/agora.xtec.cat\/iesacumella\/wp-content\/uploads\/usu1642\/2017\/12\/P1000691-200x150.jpg 200w\" sizes=\"auto, (max-width: 300px) 100vw, 300px\" \/><\/a>La nostra cooperativa com molt b\u00e9 diu el nom treballem la fusta i la costura.<\/p>\n<p dir=\"ltr\">De moment ens hem especialitzat en juguines de fusta, banderoles i bocanrolls per dur l\u2019entrep\u00e0, per\u00f2 no ens falten idees per aquest curs.<\/p>\n<p dir=\"ltr\"><a href=\"http:\/\/agora.xtec.cat\/iesacumella\/wp-content\/uploads\/usu1642\/2017\/12\/P1000715.jpg\"><img loading=\"lazy\" decoding=\"async\" class=\"aligncenter size-medium wp-image-4721\" src=\"http:\/\/agora.xtec.cat\/iesacumella\/wp-content\/uploads\/usu1642\/2017\/12\/P1000715-300x225.jpg\" alt=\"P1000715\" width=\"300\" height=\"225\" srcset=\"https:\/\/agora.xtec.cat\/iesacumella\/wp-content\/uploads\/usu1642\/2017\/12\/P1000715-300x225.jpg 300w, https:\/\/agora.xtec.cat\/iesacumella\/wp-content\/uploads\/usu1642\/2017\/12\/P1000715-768x577.jpg 768w, https:\/\/agora.xtec.cat\/iesacumella\/wp-content\/uploads\/usu1642\/2017\/12\/P1000715-1024x769.jpg 1024w, https:\/\/agora.xtec.cat\/iesacumella\/wp-content\/uploads\/usu1642\/2017\/12\/P1000715-200x150.jpg 200w\" sizes=\"auto, (max-width: 300px) 100vw, 300px\" \/><\/a>La cooperativa est\u00e0 formada per 10 membres i la seva presidenta \u00e9s la Luc\u00eda Torrecillas, el sotspresident l\u2019Adri\u00e0 S\u00e1nchez , el tesorer Abulay Balde i la secretaria la Veronica Montilla.<\/p>\n<p dir=\"ltr\"><a href=\"http:\/\/agora.xtec.cat\/iesacumella\/wp-content\/uploads\/usu1642\/2017\/12\/P1000721.jpg\"><img loading=\"lazy\" decoding=\"async\" class=\"aligncenter size-medium wp-image-4722\" src=\"http:\/\/agora.xtec.cat\/iesacumella\/wp-content\/uploads\/usu1642\/2017\/12\/P1000721-300x225.jpg\" alt=\"P1000721\" width=\"300\" height=\"225\" srcset=\"https:\/\/agora.xtec.cat\/iesacumella\/wp-content\/uploads\/usu1642\/2017\/12\/P1000721-300x225.jpg 300w, https:\/\/agora.xtec.cat\/iesacumella\/wp-content\/uploads\/usu1642\/2017\/12\/P1000721-768x577.jpg 768w, https:\/\/agora.xtec.cat\/iesacumella\/wp-content\/uploads\/usu1642\/2017\/12\/P1000721-1024x769.jpg 1024w, https:\/\/agora.xtec.cat\/iesacumella\/wp-content\/uploads\/usu1642\/2017\/12\/P1000721-200x150.jpg 200w\" sizes=\"auto, (max-width: 300px) 100vw, 300px\" \/><\/a>Per comen\u00e7ar a promocionar els productes hem creat un instagram on ens podeu seguir i anar veient com treballem i el productes acabats<\/p>\n<p dir=\"ltr\">Per comen\u00e7ar a promocionar els productes hem creat un instagram on ens podeu seguir i anar veient com treballem i el productes acabats<\/p>\n<div class=\"gmail_chip gmail_drive_chip\"><a href=\"https:\/\/drive.google.com\/a\/iesacumella.cat\/file\/d\/0B7QaXfeE6AgpaVNfc080NkZWS2c\/view?usp=drive_web\" target=\"_blank\" data-saferedirecturl=\"https:\/\/www.google.com\/url?hl=ca&amp;q=https:\/\/drive.google.com\/a\/iesacumella.cat\/file\/d\/0B7QaXfeE6AgpaVNfc080NkZWS2c\/view?usp%3Ddrive_web&amp;source=gmail&amp;ust=1513755631394000&amp;usg=AFQjCNHn3BSvkkdpFIlYuItjZyKkUPTEqA\">\u00a0<\/a>Instagram: Sewingwood<\/div>\n<p>&nbsp;<\/p>\n","protected":false},"excerpt":{"rendered":"<p>El passat divendres dia 10 de novembre varem presentar la nova cooperativa del PIM, SEWINGWOOD.<br \/>\nV\u00e0rem estar acompanyats per en Llu\u00eds Serra, el nostre director i la cooperativa Handwork de l\u2019Aula Oberta.<br \/>\n<a href=\"http:\/\/agora.xtec.cat\/iesacumella\/wp-content\/uploads\/usu1642\/2017\/12\/P1000691.jpg\"><\/a>La nostra cooperativa com molt b\u00e9 diu el nom treballem la fusta i la&hellip;  <a href=\"https:\/\/agora.xtec.cat\/iesacumella\/portada\/general\/presentacio-constitucio-cooperativa-sewingwood\/\" title=\"Read Presentaci\u00f3 i constituci\u00f3 de la Cooperativa: SEWINGWOOD\">Llegeix m\u00e9s\u00bb<\/a><\/p>\n","protected":false},"author":1,"featured_media":0,"comment_status":"closed","ping_status":"closed","sticky":false,"template":"","format":"standard","meta":{"_bbp_topic_count":0,"_bbp_reply_count":0,"_bbp_total_topic_count":0,"_bbp_total_reply_count":0,"_bbp_voice_count":0,"_bbp_anonymous_reply_count":0,"_bbp_topic_count_hidden":0,"_bbp_reply_count_hidden":0,"_bbp_forum_subforum_count":0,"footnotes":""},"categories":[1],"tags":[],"class_list":["post-4718","post","type-post","status-publish","format-standard","hentry","category-general"],"post_mailing_queue_ids":[],"_links":{"self":[{"href":"https:\/\/agora.xtec.cat\/iesacumella\/wp-json\/wp\/v2\/posts\/4718","targetHints":{"allow":["GET"]}}],"collection":[{"href":"https:\/\/agora.xtec.cat\/iesacumella\/wp-json\/wp\/v2\/posts"}],"about":[{"href":"https:\/\/agora.xtec.cat\/iesacumella\/wp-json\/wp\/v2\/types\/post"}],"author":[{"embeddable":true,"href":"https:\/\/agora.xtec.cat\/iesacumella\/wp-json\/wp\/v2\/users\/1"}],"replies":[{"embeddable":true,"href":"https:\/\/agora.xtec.cat\/iesacumella\/wp-json\/wp\/v2\/comments?post=4718"}],"version-history":[{"count":0,"href":"https:\/\/agora.xtec.cat\/iesacumella\/wp-json\/wp\/v2\/posts\/4718\/revisions"}],"wp:attachment":[{"href":"https:\/\/agora.xtec.cat\/iesacumella\/wp-json\/wp\/v2\/media?parent=4718"}],"wp:term":[{"taxonomy":"category","embeddable":true,"href":"https:\/\/agora.xtec.cat\/iesacumella\/wp-json\/wp\/v2\/categories?post=4718"},{"taxonomy":"post_tag","embeddable":true,"href":"https:\/\/agora.xtec.cat\/iesacumella\/wp-json\/wp\/v2\/tags?post=4718"}],"curies":[{"name":"wp","href":"https:\/\/api.w.org\/{rel}","templated":true}]}}