{"id":4702,"date":"2017-12-12T08:32:24","date_gmt":"2017-12-12T07:32:24","guid":{"rendered":"http:\/\/blog.iesacumella.cat\/?p=4702"},"modified":"2017-12-12T08:32:24","modified_gmt":"2017-12-12T07:32:24","slug":"iv-edicio-dels-ppremis-etica-ciencia","status":"publish","type":"post","link":"https:\/\/agora.xtec.cat\/iesacumella\/portada\/general\/iv-edicio-dels-ppremis-etica-ciencia\/","title":{"rendered":"IV Edici\u00f3 dels Premis \u201c\u00c8TICA I CI\u00c8NCIA\u201d"},"content":{"rendered":"<p>Aquest passat mes de novembre, el grup del PIM ha participat en la <i>IV Edici\u00f3 dels Premis \u201c\u00c8TICA I CI\u00c8NCIA\u201d<\/i> que convoca la Fundaci\u00f3 V\u00edctor Gr\u00edfols i Lucas.<\/p>\n<p>El grup PIM \u00e9s un projecte que fomenta treballar la diversitat de manera innovadora a partir del treball cooperatiu i el treball per projectes. Un dels objectius que perseguim \u00e9s dotar els alumnes d\u2019eines i estrat\u00e8gies per fer front al seu dia a dia i millorar aix\u00ed, poc a poc, els seus aprenentatges i el seu creixement personal.<\/p>\n<p><img loading=\"lazy\" decoding=\"async\" class=\"alignnone\" src=\"http:\/\/qya-imagen.com\/wp-content\/uploads\/2017\/10\/Imagen-becas.png\" width=\"940\" height=\"788\" \/><\/p>\n<p>El nostre projecte \u201cPIM BAT PROJECT\u201d ha entrat a formar part dels projectes que est\u00e0 valorant el Jurat del premi. El proper <b>dimecres 20 de desembre a les 18:30h, al Palau Macaya<\/b> de Barcelona, se\u2019n donaran a con\u00e8ixer els guanyadors. Alumnes, professors i fam\u00edlies estem convidats al certamen.<\/p>\n<p>Us desitgem molta sort!<\/p>\n","protected":false},"excerpt":{"rendered":"<p>Aquest passat mes de novembre, el grup del PIM ha participat en la IV Edici\u00f3 dels Premis \u201c\u00c8TICA I CI\u00c8NCIA\u201d que convoca la Fundaci\u00f3 V\u00edctor Gr\u00edfols i Lucas.<br \/>\nEl grup PIM \u00e9s un projecte que fomenta treballar la diversitat de manera innovadora a partir del treball&hellip;  <a href=\"https:\/\/agora.xtec.cat\/iesacumella\/portada\/general\/iv-edicio-dels-ppremis-etica-ciencia\/\" title=\"Read IV Edici\u00f3 dels Premis \u201c\u00c8TICA I CI\u00c8NCIA\u201d\">Llegeix m\u00e9s\u00bb<\/a><\/p>\n","protected":false},"author":1,"featured_media":0,"comment_status":"closed","ping_status":"closed","sticky":false,"template":"","format":"standard","meta":{"_bbp_topic_count":0,"_bbp_reply_count":0,"_bbp_total_topic_count":0,"_bbp_total_reply_count":0,"_bbp_voice_count":0,"_bbp_anonymous_reply_count":0,"_bbp_topic_count_hidden":0,"_bbp_reply_count_hidden":0,"_bbp_forum_subforum_count":0,"footnotes":""},"categories":[1],"tags":[],"class_list":["post-4702","post","type-post","status-publish","format-standard","hentry","category-general"],"post_mailing_queue_ids":[],"_links":{"self":[{"href":"https:\/\/agora.xtec.cat\/iesacumella\/wp-json\/wp\/v2\/posts\/4702","targetHints":{"allow":["GET"]}}],"collection":[{"href":"https:\/\/agora.xtec.cat\/iesacumella\/wp-json\/wp\/v2\/posts"}],"about":[{"href":"https:\/\/agora.xtec.cat\/iesacumella\/wp-json\/wp\/v2\/types\/post"}],"author":[{"embeddable":true,"href":"https:\/\/agora.xtec.cat\/iesacumella\/wp-json\/wp\/v2\/users\/1"}],"replies":[{"embeddable":true,"href":"https:\/\/agora.xtec.cat\/iesacumella\/wp-json\/wp\/v2\/comments?post=4702"}],"version-history":[{"count":0,"href":"https:\/\/agora.xtec.cat\/iesacumella\/wp-json\/wp\/v2\/posts\/4702\/revisions"}],"wp:attachment":[{"href":"https:\/\/agora.xtec.cat\/iesacumella\/wp-json\/wp\/v2\/media?parent=4702"}],"wp:term":[{"taxonomy":"category","embeddable":true,"href":"https:\/\/agora.xtec.cat\/iesacumella\/wp-json\/wp\/v2\/categories?post=4702"},{"taxonomy":"post_tag","embeddable":true,"href":"https:\/\/agora.xtec.cat\/iesacumella\/wp-json\/wp\/v2\/tags?post=4702"}],"curies":[{"name":"wp","href":"https:\/\/api.w.org\/{rel}","templated":true}]}}