{"id":4669,"date":"2017-11-17T10:39:32","date_gmt":"2017-11-17T09:39:32","guid":{"rendered":"http:\/\/blog.iesacumella.cat\/?p=4669"},"modified":"2017-11-17T10:39:32","modified_gmt":"2017-11-17T09:39:32","slug":"torneig-badminton-l-hora-pati","status":"publish","type":"post","link":"https:\/\/agora.xtec.cat\/iesacumella\/portada\/general\/torneig-badminton-l-hora-pati\/","title":{"rendered":"Torneig B\u00e0dminton a l&#8217; hora del pati"},"content":{"rendered":"<div dir=\"auto\">Des del Departament d&#8217;Educaci\u00f3 F\u00edsica i amb la col\u00b7laboraci\u00f3 de la Federaci\u00f3 Catalana de B\u00e0dminton, hem organitzat un torneig de b\u00e0dminton en les hores del pati.<\/div>\n<div dir=\"auto\">El torneig va dirigit als alumnes de 1r, 2n, 3r i 4t de l&#8217;ESO.<\/div>\n<div dir=\"auto\">S&#8217; han inscrit un total de 40 alumnes! Tot un \u00e8xit!.<\/div>\n<div dir=\"auto\">Tamb\u00e9 tenim la sort de comptar amb un grup d&#8217;alumnes que ens ajuda en les tasques organitzatives i d&#8217;arbitratge.<\/div>\n<div dir=\"auto\"><\/div>\n<div dir=\"auto\"><a href=\"http:\/\/agora.xtec.cat\/iesacumella\/wp-content\/uploads\/usu1642\/2017\/11\/3.jpg\"><img loading=\"lazy\" decoding=\"async\" class=\"aligncenter size-medium wp-image-4668\" src=\"http:\/\/agora.xtec.cat\/iesacumella\/wp-content\/uploads\/usu1642\/2017\/11\/3-300x168.jpg\" alt=\"3\" width=\"300\" height=\"168\" srcset=\"https:\/\/agora.xtec.cat\/iesacumella\/wp-content\/uploads\/usu1642\/2017\/11\/3-300x168.jpg 300w, https:\/\/agora.xtec.cat\/iesacumella\/wp-content\/uploads\/usu1642\/2017\/11\/3-768x431.jpg 768w, https:\/\/agora.xtec.cat\/iesacumella\/wp-content\/uploads\/usu1642\/2017\/11\/3-1024x575.jpg 1024w\" sizes=\"auto, (max-width: 300px) 100vw, 300px\" \/><\/a><a href=\"http:\/\/agora.xtec.cat\/iesacumella\/wp-content\/uploads\/usu1642\/2017\/11\/2.jpg\"><img loading=\"lazy\" decoding=\"async\" class=\"aligncenter size-medium wp-image-4667\" src=\"http:\/\/agora.xtec.cat\/iesacumella\/wp-content\/uploads\/usu1642\/2017\/11\/2-300x168.jpg\" alt=\"2\" width=\"300\" height=\"168\" srcset=\"https:\/\/agora.xtec.cat\/iesacumella\/wp-content\/uploads\/usu1642\/2017\/11\/2-300x168.jpg 300w, https:\/\/agora.xtec.cat\/iesacumella\/wp-content\/uploads\/usu1642\/2017\/11\/2-768x431.jpg 768w, https:\/\/agora.xtec.cat\/iesacumella\/wp-content\/uploads\/usu1642\/2017\/11\/2-1024x575.jpg 1024w\" sizes=\"auto, (max-width: 300px) 100vw, 300px\" \/><\/a><a href=\"http:\/\/agora.xtec.cat\/iesacumella\/wp-content\/uploads\/usu1642\/2017\/11\/1.jpg\"><img loading=\"lazy\" decoding=\"async\" class=\"aligncenter size-medium wp-image-4666\" src=\"http:\/\/agora.xtec.cat\/iesacumella\/wp-content\/uploads\/usu1642\/2017\/11\/1-300x168.jpg\" alt=\"1\" width=\"300\" height=\"168\" srcset=\"https:\/\/agora.xtec.cat\/iesacumella\/wp-content\/uploads\/usu1642\/2017\/11\/1-300x168.jpg 300w, https:\/\/agora.xtec.cat\/iesacumella\/wp-content\/uploads\/usu1642\/2017\/11\/1-768x431.jpg 768w, https:\/\/agora.xtec.cat\/iesacumella\/wp-content\/uploads\/usu1642\/2017\/11\/1-1024x575.jpg 1024w\" sizes=\"auto, (max-width: 300px) 100vw, 300px\" \/><\/a><\/div>\n","protected":false},"excerpt":{"rendered":"<p>Des del Departament d&#8217;Educaci\u00f3 F\u00edsica i amb la col\u00b7laboraci\u00f3 de la Federaci\u00f3 Catalana de B\u00e0dminton, hem organitzat un torneig de b\u00e0dminton en les hores del pati.<br \/>\nEl torneig va dirigit als alumnes de 1r, 2n, 3r i 4t de l&#8217;ESO.<br \/>\nS&#8217; han inscrit un total de 40&hellip;  <a href=\"https:\/\/agora.xtec.cat\/iesacumella\/portada\/general\/torneig-badminton-l-hora-pati\/\" title=\"Read Torneig B\u00e0dminton a l&#8217; hora del pati\">Llegeix m\u00e9s\u00bb<\/a><\/p>\n","protected":false},"author":1,"featured_media":0,"comment_status":"closed","ping_status":"closed","sticky":false,"template":"","format":"standard","meta":{"_bbp_topic_count":0,"_bbp_reply_count":0,"_bbp_total_topic_count":0,"_bbp_total_reply_count":0,"_bbp_voice_count":0,"_bbp_anonymous_reply_count":0,"_bbp_topic_count_hidden":0,"_bbp_reply_count_hidden":0,"_bbp_forum_subforum_count":0,"footnotes":""},"categories":[1],"tags":[],"class_list":["post-4669","post","type-post","status-publish","format-standard","hentry","category-general"],"post_mailing_queue_ids":[],"_links":{"self":[{"href":"https:\/\/agora.xtec.cat\/iesacumella\/wp-json\/wp\/v2\/posts\/4669","targetHints":{"allow":["GET"]}}],"collection":[{"href":"https:\/\/agora.xtec.cat\/iesacumella\/wp-json\/wp\/v2\/posts"}],"about":[{"href":"https:\/\/agora.xtec.cat\/iesacumella\/wp-json\/wp\/v2\/types\/post"}],"author":[{"embeddable":true,"href":"https:\/\/agora.xtec.cat\/iesacumella\/wp-json\/wp\/v2\/users\/1"}],"replies":[{"embeddable":true,"href":"https:\/\/agora.xtec.cat\/iesacumella\/wp-json\/wp\/v2\/comments?post=4669"}],"version-history":[{"count":0,"href":"https:\/\/agora.xtec.cat\/iesacumella\/wp-json\/wp\/v2\/posts\/4669\/revisions"}],"wp:attachment":[{"href":"https:\/\/agora.xtec.cat\/iesacumella\/wp-json\/wp\/v2\/media?parent=4669"}],"wp:term":[{"taxonomy":"category","embeddable":true,"href":"https:\/\/agora.xtec.cat\/iesacumella\/wp-json\/wp\/v2\/categories?post=4669"},{"taxonomy":"post_tag","embeddable":true,"href":"https:\/\/agora.xtec.cat\/iesacumella\/wp-json\/wp\/v2\/tags?post=4669"}],"curies":[{"name":"wp","href":"https:\/\/api.w.org\/{rel}","templated":true}]}}