{"id":4540,"date":"2017-09-12T13:13:23","date_gmt":"2017-09-12T12:13:23","guid":{"rendered":"http:\/\/blog.iesacumella.cat\/?p=4540"},"modified":"2017-09-12T13:13:23","modified_gmt":"2017-09-12T12:13:23","slug":"activitats-extraescolars","status":"publish","type":"post","link":"https:\/\/agora.xtec.cat\/iesacumella\/portada\/ampa\/activitats-extraescolars\/","title":{"rendered":"Activitats Extraescolars"},"content":{"rendered":"<p>Les activitats extraescolars que ofereix l&#8217;institut Antoni <span class=\"hiddenSpellError\">Cumella<\/span> les podeu veure en el seg\u00fcent enlla\u00e7, aix\u00ed com el full d&#8217; inscripci\u00f3&#8230;<\/p>\n<p><a href=\"http:\/\/agora.xtec.cat\/iesacumella\/wp-content\/uploads\/usu1642\/2017\/09\/Carta-extraescolar2017.docx-1.pdf\">Carta extraescolar2017<\/a><\/p>\n","protected":false},"excerpt":{"rendered":"<p>Les activitats extraescolars que ofereix l&#8217;institut Antoni Cumella les podeu veure en el seg\u00fcent enlla\u00e7, aix\u00ed com el full d&#8217; inscripci\u00f3&#8230;<br \/>\n<a href=\"http:\/\/agora.xtec.cat\/iesacumella\/wp-content\/uploads\/usu1642\/2017\/09\/Carta-extraescolar2017.docx-1.pdf\">Carta extraescolar2017<\/a><\/p>\n","protected":false},"author":1,"featured_media":0,"comment_status":"closed","ping_status":"closed","sticky":false,"template":"","format":"standard","meta":{"_bbp_topic_count":0,"_bbp_reply_count":0,"_bbp_total_topic_count":0,"_bbp_total_reply_count":0,"_bbp_voice_count":0,"_bbp_anonymous_reply_count":0,"_bbp_topic_count_hidden":0,"_bbp_reply_count_hidden":0,"_bbp_forum_subforum_count":0,"footnotes":""},"categories":[31],"tags":[],"class_list":["post-4540","post","type-post","status-publish","format-standard","hentry","category-ampa"],"post_mailing_queue_ids":[],"_links":{"self":[{"href":"https:\/\/agora.xtec.cat\/iesacumella\/wp-json\/wp\/v2\/posts\/4540","targetHints":{"allow":["GET"]}}],"collection":[{"href":"https:\/\/agora.xtec.cat\/iesacumella\/wp-json\/wp\/v2\/posts"}],"about":[{"href":"https:\/\/agora.xtec.cat\/iesacumella\/wp-json\/wp\/v2\/types\/post"}],"author":[{"embeddable":true,"href":"https:\/\/agora.xtec.cat\/iesacumella\/wp-json\/wp\/v2\/users\/1"}],"replies":[{"embeddable":true,"href":"https:\/\/agora.xtec.cat\/iesacumella\/wp-json\/wp\/v2\/comments?post=4540"}],"version-history":[{"count":0,"href":"https:\/\/agora.xtec.cat\/iesacumella\/wp-json\/wp\/v2\/posts\/4540\/revisions"}],"wp:attachment":[{"href":"https:\/\/agora.xtec.cat\/iesacumella\/wp-json\/wp\/v2\/media?parent=4540"}],"wp:term":[{"taxonomy":"category","embeddable":true,"href":"https:\/\/agora.xtec.cat\/iesacumella\/wp-json\/wp\/v2\/categories?post=4540"},{"taxonomy":"post_tag","embeddable":true,"href":"https:\/\/agora.xtec.cat\/iesacumella\/wp-json\/wp\/v2\/tags?post=4540"}],"curies":[{"name":"wp","href":"https:\/\/api.w.org\/{rel}","templated":true}]}}