{"id":4522,"date":"2017-09-05T18:32:02","date_gmt":"2017-09-05T17:32:02","guid":{"rendered":"http:\/\/blog.iesacumella.cat\/?p=4522"},"modified":"2017-09-05T18:32:02","modified_gmt":"2017-09-05T17:32:02","slug":"comenca-nou-curs-batxillerat-nocturn","status":"publish","type":"post","link":"https:\/\/agora.xtec.cat\/iesacumella\/portada\/general\/comenca-nou-curs-batxillerat-nocturn\/","title":{"rendered":"Comen\u00e7a un nou curs al Batxillerat Nocturn"},"content":{"rendered":"<p style=\"text-align: center\"><u>Institut Antoni Cumella:\u00a0 Batxillerat Nocturn<\/u><\/p>\n<p style=\"text-align: justify\">Ara que comen\u00e7a el curs \u00e9s un bon moment per recordar que l&#8217;INS Antoni Cumella ofereix, entre tota la seva oferta educativa, la modalitat de Batxillerat en horari nocturn.<\/p>\n<p style=\"text-align: justify\">Per aquells que no coneguin les especificitats (i avantatges) del Batxillerat Nocturn no seria sobrer ara de recordar-les:<\/p>\n<ul>\n<li>\u00a0t\u00e9 una gran <strong>FLEXIBILITAT:<\/strong>\n<ul>\n<li>3 cursos previstos per fer el batxillerat nocturn, tot i que es pot fer en 2<\/li>\n<li>es poden repetir les assignatures suspeses de 1r, combinant-les amb algunes de 2n<\/li>\n<li>no es repeteixen cursos sencers, nom\u00e9s assignatures suspeses.<\/li>\n<\/ul>\n<\/li>\n<\/ul>\n<ul>\n<li>ofereix una<strong> ATENCI\u00d3 INDIVIDUALITZADA<\/strong> per mitj\u00e0 de l\u2019oferta d\u2019assignatures optatives adre\u00e7ades al refor\u00e7 de compet\u00e8ncies b\u00e0siques (angl\u00e8s, tallers de comprensi\u00f3 lectora i expressi\u00f3 escrita, inform\u00e0tica.)<\/li>\n<\/ul>\n<ul>\n<li>permet la\u00a0<strong>CONVALIDACI\u00d3<\/strong> del \u201ctreball de recerca\u201d amb un justificant de feina<\/li>\n<\/ul>\n<ul>\n<li>t\u00e9 el seg\u00fcent <strong>MARC HORARI<\/strong>: de 17h a 22:15h, \u00a0amb un descans de 20 minuts.<\/li>\n<\/ul>\n<ul>\n<li>i, com a altres dades d\u2019inter\u00e8s, podr\u00edem destacar que:\n<ul>\n<li>la ubicaci\u00f3 de l&#8217;institut \u00e9s a 5 minuts del centre de Granollers<\/li>\n<li>t\u00e9 a prop dues l\u00ednies de Renfe Rodalies, diferents l\u00ednies d\u2019autobusos i p\u00e0rquings gratu\u00efts<\/li>\n<\/ul>\n<\/li>\n<\/ul>\n<ul>\n<li>\u00danic centre de Batxillerat Nocturn del Maresme i del Vall\u00e8s Oriental.<a href=\"http:\/\/agora.xtec.cat\/iesacumella\/wp-content\/uploads\/usu1642\/2017\/09\/foto.jpg\"><img loading=\"lazy\" decoding=\"async\" class=\" wp-image-4533 aligncenter\" src=\"http:\/\/agora.xtec.cat\/iesacumella\/wp-content\/uploads\/usu1642\/2017\/09\/foto.jpg\" alt=\"foto\" width=\"340\" height=\"255\" srcset=\"https:\/\/agora.xtec.cat\/iesacumella\/wp-content\/uploads\/usu1642\/2017\/09\/foto.jpg 240w, https:\/\/agora.xtec.cat\/iesacumella\/wp-content\/uploads\/usu1642\/2017\/09\/foto-200x150.jpg 200w\" sizes=\"auto, (max-width: 340px) 100vw, 340px\" \/><\/a><\/li>\n<\/ul>\n","protected":false},"excerpt":{"rendered":"<p>Institut Antoni Cumella:\u00a0 Batxillerat Nocturn<br \/>\nAra que comen\u00e7a el curs \u00e9s un bon moment per recordar que l&#8217;INS Antoni Cumella ofereix, entre tota la seva oferta educativa, la modalitat de Batxillerat en horari nocturn.<br \/>\nPer aquells que no coneguin les especificitats (i avantatges) del Batxillerat Nocturn no&hellip;  <a href=\"https:\/\/agora.xtec.cat\/iesacumella\/portada\/general\/comenca-nou-curs-batxillerat-nocturn\/\" title=\"Read Comen\u00e7a un nou curs al Batxillerat Nocturn\">Llegeix m\u00e9s\u00bb<\/a><\/p>\n","protected":false},"author":1,"featured_media":4529,"comment_status":"closed","ping_status":"closed","sticky":false,"template":"","format":"standard","meta":{"_bbp_topic_count":0,"_bbp_reply_count":0,"_bbp_total_topic_count":0,"_bbp_total_reply_count":0,"_bbp_voice_count":0,"_bbp_anonymous_reply_count":0,"_bbp_topic_count_hidden":0,"_bbp_reply_count_hidden":0,"_bbp_forum_subforum_count":0,"footnotes":""},"categories":[1],"tags":[],"class_list":["post-4522","post","type-post","status-publish","format-standard","has-post-thumbnail","hentry","category-general"],"post_mailing_queue_ids":[],"_links":{"self":[{"href":"https:\/\/agora.xtec.cat\/iesacumella\/wp-json\/wp\/v2\/posts\/4522","targetHints":{"allow":["GET"]}}],"collection":[{"href":"https:\/\/agora.xtec.cat\/iesacumella\/wp-json\/wp\/v2\/posts"}],"about":[{"href":"https:\/\/agora.xtec.cat\/iesacumella\/wp-json\/wp\/v2\/types\/post"}],"author":[{"embeddable":true,"href":"https:\/\/agora.xtec.cat\/iesacumella\/wp-json\/wp\/v2\/users\/1"}],"replies":[{"embeddable":true,"href":"https:\/\/agora.xtec.cat\/iesacumella\/wp-json\/wp\/v2\/comments?post=4522"}],"version-history":[{"count":0,"href":"https:\/\/agora.xtec.cat\/iesacumella\/wp-json\/wp\/v2\/posts\/4522\/revisions"}],"wp:featuredmedia":[{"embeddable":true,"href":"https:\/\/agora.xtec.cat\/iesacumella\/wp-json\/wp\/v2\/media\/4529"}],"wp:attachment":[{"href":"https:\/\/agora.xtec.cat\/iesacumella\/wp-json\/wp\/v2\/media?parent=4522"}],"wp:term":[{"taxonomy":"category","embeddable":true,"href":"https:\/\/agora.xtec.cat\/iesacumella\/wp-json\/wp\/v2\/categories?post=4522"},{"taxonomy":"post_tag","embeddable":true,"href":"https:\/\/agora.xtec.cat\/iesacumella\/wp-json\/wp\/v2\/tags?post=4522"}],"curies":[{"name":"wp","href":"https:\/\/api.w.org\/{rel}","templated":true}]}}