{"id":4516,"date":"2017-08-18T11:32:55","date_gmt":"2017-08-18T10:32:55","guid":{"rendered":"http:\/\/blog.iesacumella.cat\/?p=4516"},"modified":"2017-08-18T11:32:55","modified_gmt":"2017-08-18T10:32:55","slug":"condol-pels-atemptats-barcelona-cambrils","status":"publish","type":"post","link":"https:\/\/agora.xtec.cat\/iesacumella\/portada\/general\/condol-pels-atemptats-barcelona-cambrils\/","title":{"rendered":"Condol pels atemptats de Barcelona i Cambrils"},"content":{"rendered":"<p>Des de la comunitat educativa de l&#8217;Institut Antoni Cumella volem mostrar la m\u00e9s absoluta repulsa als atemptats d&#8217;ahir a Barcelona i Cambrils. Tots volem viure en pau i amb toler\u00e0ncia a les m\u00faltiples diversitats.<\/p>\n<p><a href=\"http:\/\/agora.xtec.cat\/iesacumella\/wp-content\/uploads\/usu1642\/2017\/08\/IMG_2900.png\"><img loading=\"lazy\" decoding=\"async\" class=\"alignnone size-full wp-image-4518\" src=\"http:\/\/agora.xtec.cat\/iesacumella\/wp-content\/uploads\/usu1642\/2017\/08\/IMG_2900.png\" alt=\"IMG_2900\" width=\"299\" height=\"169\" \/><\/a><\/p>\n","protected":false},"excerpt":{"rendered":"<p>Des de la comunitat educativa de l&#8217;Institut Antoni Cumella volem mostrar la m\u00e9s absoluta repulsa als atemptats d&#8217;ahir a Barcelona i Cambrils. Tots volem viure en pau i amb toler\u00e0ncia a les m\u00faltiples diversitats.<br \/>\n<a href=\"http:\/\/agora.xtec.cat\/iesacumella\/wp-content\/uploads\/usu1642\/2017\/08\/IMG_2900.png\"><\/a><\/p>\n","protected":false},"author":1,"featured_media":4518,"comment_status":"closed","ping_status":"closed","sticky":false,"template":"","format":"standard","meta":{"_bbp_topic_count":0,"_bbp_reply_count":0,"_bbp_total_topic_count":0,"_bbp_total_reply_count":0,"_bbp_voice_count":0,"_bbp_anonymous_reply_count":0,"_bbp_topic_count_hidden":0,"_bbp_reply_count_hidden":0,"_bbp_forum_subforum_count":0,"footnotes":""},"categories":[1],"tags":[],"class_list":["post-4516","post","type-post","status-publish","format-standard","has-post-thumbnail","hentry","category-general"],"post_mailing_queue_ids":[],"_links":{"self":[{"href":"https:\/\/agora.xtec.cat\/iesacumella\/wp-json\/wp\/v2\/posts\/4516","targetHints":{"allow":["GET"]}}],"collection":[{"href":"https:\/\/agora.xtec.cat\/iesacumella\/wp-json\/wp\/v2\/posts"}],"about":[{"href":"https:\/\/agora.xtec.cat\/iesacumella\/wp-json\/wp\/v2\/types\/post"}],"author":[{"embeddable":true,"href":"https:\/\/agora.xtec.cat\/iesacumella\/wp-json\/wp\/v2\/users\/1"}],"replies":[{"embeddable":true,"href":"https:\/\/agora.xtec.cat\/iesacumella\/wp-json\/wp\/v2\/comments?post=4516"}],"version-history":[{"count":0,"href":"https:\/\/agora.xtec.cat\/iesacumella\/wp-json\/wp\/v2\/posts\/4516\/revisions"}],"wp:featuredmedia":[{"embeddable":true,"href":"https:\/\/agora.xtec.cat\/iesacumella\/wp-json\/wp\/v2\/media\/4518"}],"wp:attachment":[{"href":"https:\/\/agora.xtec.cat\/iesacumella\/wp-json\/wp\/v2\/media?parent=4516"}],"wp:term":[{"taxonomy":"category","embeddable":true,"href":"https:\/\/agora.xtec.cat\/iesacumella\/wp-json\/wp\/v2\/categories?post=4516"},{"taxonomy":"post_tag","embeddable":true,"href":"https:\/\/agora.xtec.cat\/iesacumella\/wp-json\/wp\/v2\/tags?post=4516"}],"curies":[{"name":"wp","href":"https:\/\/api.w.org\/{rel}","templated":true}]}}