{"id":4388,"date":"2017-06-12T20:15:30","date_gmt":"2017-06-12T19:15:30","guid":{"rendered":"http:\/\/blog.iesacumella.cat\/?p=4388"},"modified":"2017-06-12T20:15:30","modified_gmt":"2017-06-12T19:15:30","slug":"documentacio-matricula-2017-2018-deso","status":"publish","type":"post","link":"https:\/\/agora.xtec.cat\/iesacumella\/portada\/general\/documentacio-matricula-2017-2018-deso\/","title":{"rendered":"Documentaci\u00f3 per a la matr\u00edcula 2017 \/ 2018 d&#8217;ESO"},"content":{"rendered":"<p>A continuaci\u00f3 els adjuntem la documentaci\u00f3 necess\u00e0ria per a la matr\u00edcula del proper curs acad\u00e8mic 2017 \/ 2018 a l&#8217;ESO.<\/p>\n<p><a href=\"http:\/\/agora.xtec.cat\/iesacumella\/wp-content\/uploads\/usu1642\/2017\/06\/SKMBT_C22417061213420.pdf\">Documentaci\u00f3 Matr\u00edcula ESO 2017 &#8211; 2018<\/a><\/p>\n<p>Aquesta es podr\u00e0 fer a la Secretaria del centre del 12 al 16 de juny en el seg\u00fcent horari:<\/p>\n<p><strong>Matins:<\/strong><br \/>\nde 10:30 h a 12:30 h<br \/>\n(de dilluns a divendres)<\/p>\n<p><strong>Tardes:<\/strong><br \/>\nde 16 h a 18 h<br \/>\n(dilluns i dimecres)<\/p>\n<p>&nbsp;<\/p>\n","protected":false},"excerpt":{"rendered":"<p>A continuaci\u00f3 els adjuntem la documentaci\u00f3 necess\u00e0ria per a la matr\u00edcula del proper curs acad\u00e8mic 2017 \/ 2018 a l&#8217;ESO.<br \/>\n<a href=\"http:\/\/agora.xtec.cat\/iesacumella\/wp-content\/uploads\/usu1642\/2017\/06\/SKMBT_C22417061213420.pdf\">Documentaci\u00f3 Matr\u00edcula ESO 2017 &#8211; 2018<\/a><br \/>\nAquesta es podr\u00e0 fer a la Secretaria del centre del 12 al 16 de juny en el seg\u00fcent horari:<br \/>\nMatins:<br \/>\nde 10:30&hellip;  <a href=\"https:\/\/agora.xtec.cat\/iesacumella\/portada\/general\/documentacio-matricula-2017-2018-deso\/\" title=\"Read Documentaci\u00f3 per a la matr\u00edcula 2017 \/ 2018 d&#8217;ESO\">Llegeix m\u00e9s\u00bb<\/a><\/p>\n","protected":false},"author":1,"featured_media":4393,"comment_status":"closed","ping_status":"closed","sticky":false,"template":"","format":"standard","meta":{"_bbp_topic_count":0,"_bbp_reply_count":0,"_bbp_total_topic_count":0,"_bbp_total_reply_count":0,"_bbp_voice_count":0,"_bbp_anonymous_reply_count":0,"_bbp_topic_count_hidden":0,"_bbp_reply_count_hidden":0,"_bbp_forum_subforum_count":0,"footnotes":""},"categories":[1],"tags":[],"class_list":["post-4388","post","type-post","status-publish","format-standard","has-post-thumbnail","hentry","category-general"],"post_mailing_queue_ids":[],"_links":{"self":[{"href":"https:\/\/agora.xtec.cat\/iesacumella\/wp-json\/wp\/v2\/posts\/4388","targetHints":{"allow":["GET"]}}],"collection":[{"href":"https:\/\/agora.xtec.cat\/iesacumella\/wp-json\/wp\/v2\/posts"}],"about":[{"href":"https:\/\/agora.xtec.cat\/iesacumella\/wp-json\/wp\/v2\/types\/post"}],"author":[{"embeddable":true,"href":"https:\/\/agora.xtec.cat\/iesacumella\/wp-json\/wp\/v2\/users\/1"}],"replies":[{"embeddable":true,"href":"https:\/\/agora.xtec.cat\/iesacumella\/wp-json\/wp\/v2\/comments?post=4388"}],"version-history":[{"count":0,"href":"https:\/\/agora.xtec.cat\/iesacumella\/wp-json\/wp\/v2\/posts\/4388\/revisions"}],"wp:featuredmedia":[{"embeddable":true,"href":"https:\/\/agora.xtec.cat\/iesacumella\/wp-json\/wp\/v2\/media\/4393"}],"wp:attachment":[{"href":"https:\/\/agora.xtec.cat\/iesacumella\/wp-json\/wp\/v2\/media?parent=4388"}],"wp:term":[{"taxonomy":"category","embeddable":true,"href":"https:\/\/agora.xtec.cat\/iesacumella\/wp-json\/wp\/v2\/categories?post=4388"},{"taxonomy":"post_tag","embeddable":true,"href":"https:\/\/agora.xtec.cat\/iesacumella\/wp-json\/wp\/v2\/tags?post=4388"}],"curies":[{"name":"wp","href":"https:\/\/api.w.org\/{rel}","templated":true}]}}