{"id":4255,"date":"2017-05-16T16:03:59","date_gmt":"2017-05-16T15:03:59","guid":{"rendered":"http:\/\/blog.iesacumella.cat\/?p=4255"},"modified":"2017-05-16T16:03:59","modified_gmt":"2017-05-16T15:03:59","slug":"sortida-coneixer-frares","status":"publish","type":"post","link":"https:\/\/agora.xtec.cat\/iesacumella\/portada\/departaments\/religio\/sortida-coneixer-frares\/","title":{"rendered":"Sortida a con\u00e8ixer els frares"},"content":{"rendered":"<p>Els dies 24 i 28 del passat mes d\u2019Abril els alumnes de l&#8217;assignatura optativa de religi\u00f3 de 1r a 4t d&#8217;ESO hem anat a con\u00e8ixer els frares franciscans a la parr\u00f2quia de Mare de D\u00e9u de Montserrat.<\/p>\n<p>Vam comen\u00e7ar el dia coneixent de prop la realitat dels frares franciscans, unes persones especials e interesants. Ens van explicar la hist\u00f2ria de l\u2019ordre, comen\u00e7ant per sant Francesc i alguns altres persones exemplars de la seva ordre; la seva pres\u00e8ncia a Granollers; com es viure junts en una comunitat franciscana; i el seu testimoni de vida personal de perqu\u00e8 han escollit aquesta forma de vida.\u00a0Al final van respondre una estona a les preguntes que van sortir.<\/p>\n<p>En segon lloc vam entrar a la capella gran, on ens van introduir en una estona d\u2019oraci\u00f3 en silenci amb el Senyor, coneixent alguna can\u00e7\u00f3 i forma de pregar cristiana. A continuaci\u00f3 ens van convidar al pati a un esmorzar amb begudes i alguna cosa de menjar. La resta del mat\u00ed vam poder veure la labor social cristiana de C\u00e0ritas que es fa a la parr\u00f2quia.<\/p>\n<p>Hi havia uns quants voluntaris cristians amb experi\u00e8ncia laboral, que entregava part del seu temps i coneixements per ensenyar castell\u00e0, catal\u00e0 i altres coneixements t\u00e8cnics. Ens va cridar l\u2019atenci\u00f3 com a aquestes classes assistien tamb\u00e9 persones musulmanes.<\/p>\n<p>A la sala gran una volunt\u00e0ria en cadira de rodes ens va donar un testimoni molt impactant de com ajudar all\u00ed havia omplert de sentit al seu temps, doncs en algun moment de la seva vida li havia preocupat molt que fer quan deix\u00e9s de treballar, i ha trobat que aix\u00f2 li omple de sentit i li ha donat una vida m\u00e9s feli\u00e7 que quan podia caminar.<\/p>\n<p>Vam poder con\u00e8ixer tamb\u00e9 les activitats del \u201ccaf\u00e8 francisc\u00e0\u201d; un temps per que la gent vagi all\u00ed a parlar, ser escoltats, conviure, etc. ; doncs s\u00b4han trobat que hi ha gent que te mancances que no son de tipus material o de coneixements.<\/p>\n<p>Per acabar vam participar en la lectura de l\u2019evangeli del dia comentat per la gent, que els frares fan amb totes les persones que volen el caf\u00e8.<\/p>\n<p><a href=\"http:\/\/agora.xtec.cat\/iesacumella\/wp-content\/uploads\/usu1642\/2017\/05\/franciscanos-2-Jose-Miguel-Mayor-Echave-Susaeta.png\"><img loading=\"lazy\" decoding=\"async\" class=\"aligncenter size-full wp-image-4258\" src=\"http:\/\/agora.xtec.cat\/iesacumella\/wp-content\/uploads\/usu1642\/2017\/05\/franciscanos-2-Jose-Miguel-Mayor-Echave-Susaeta.png\" alt=\"franciscanos 2 - Jose Miguel Mayor Echave-Susaeta\" width=\"262\" height=\"188\" \/><\/a><\/p>\n","protected":false},"excerpt":{"rendered":"<p>Els dies 24 i 28 del passat mes d\u2019Abril els alumnes de l&#8217;assignatura optativa de religi\u00f3 de 1r a 4t d&#8217;ESO hem anat a con\u00e8ixer els frares franciscans a la parr\u00f2quia de Mare de D\u00e9u de Montserrat.<br \/>\nVam comen\u00e7ar el dia coneixent de prop la realitat&hellip;  <a href=\"https:\/\/agora.xtec.cat\/iesacumella\/portada\/departaments\/religio\/sortida-coneixer-frares\/\" title=\"Read Sortida a con\u00e8ixer els frares\">Llegeix m\u00e9s\u00bb<\/a><\/p>\n","protected":false},"author":1,"featured_media":4257,"comment_status":"closed","ping_status":"closed","sticky":false,"template":"","format":"standard","meta":{"_bbp_topic_count":0,"_bbp_reply_count":0,"_bbp_total_topic_count":0,"_bbp_total_reply_count":0,"_bbp_voice_count":0,"_bbp_anonymous_reply_count":0,"_bbp_topic_count_hidden":0,"_bbp_reply_count_hidden":0,"_bbp_forum_subforum_count":0,"footnotes":""},"categories":[127,128,119],"tags":[],"class_list":["post-4255","post","type-post","status-publish","format-standard","has-post-thumbnail","hentry","category-3r-eso","category-4rt-eso","category-religio"],"post_mailing_queue_ids":[],"_links":{"self":[{"href":"https:\/\/agora.xtec.cat\/iesacumella\/wp-json\/wp\/v2\/posts\/4255","targetHints":{"allow":["GET"]}}],"collection":[{"href":"https:\/\/agora.xtec.cat\/iesacumella\/wp-json\/wp\/v2\/posts"}],"about":[{"href":"https:\/\/agora.xtec.cat\/iesacumella\/wp-json\/wp\/v2\/types\/post"}],"author":[{"embeddable":true,"href":"https:\/\/agora.xtec.cat\/iesacumella\/wp-json\/wp\/v2\/users\/1"}],"replies":[{"embeddable":true,"href":"https:\/\/agora.xtec.cat\/iesacumella\/wp-json\/wp\/v2\/comments?post=4255"}],"version-history":[{"count":0,"href":"https:\/\/agora.xtec.cat\/iesacumella\/wp-json\/wp\/v2\/posts\/4255\/revisions"}],"wp:featuredmedia":[{"embeddable":true,"href":"https:\/\/agora.xtec.cat\/iesacumella\/wp-json\/wp\/v2\/media\/4257"}],"wp:attachment":[{"href":"https:\/\/agora.xtec.cat\/iesacumella\/wp-json\/wp\/v2\/media?parent=4255"}],"wp:term":[{"taxonomy":"category","embeddable":true,"href":"https:\/\/agora.xtec.cat\/iesacumella\/wp-json\/wp\/v2\/categories?post=4255"},{"taxonomy":"post_tag","embeddable":true,"href":"https:\/\/agora.xtec.cat\/iesacumella\/wp-json\/wp\/v2\/tags?post=4255"}],"curies":[{"name":"wp","href":"https:\/\/api.w.org\/{rel}","templated":true}]}}