{"id":4242,"date":"2017-05-18T12:39:02","date_gmt":"2017-05-18T11:39:02","guid":{"rendered":"http:\/\/blog.iesacumella.cat\/?p=4242"},"modified":"2017-05-18T12:39:02","modified_gmt":"2017-05-18T11:39:02","slug":"sortida-a-tarragona","status":"publish","type":"post","link":"https:\/\/agora.xtec.cat\/iesacumella\/portada\/estudis\/batxillerat\/sortida-a-tarragona\/","title":{"rendered":"SORTIDA A TARRAGONA"},"content":{"rendered":"<p style=\"text-align: justify;\">Tot just tornar de Setmana Santa marxem cap a Tarragona, per veure que \u00e9s \u00a0el que queda de l&#8217;antiga<a href=\"http:\/\/cataclascataclas.blogspot.com.es\/p\/etimologia-llatina.html\"> <em><strong><span style=\"color: #0000ff;\">Colonia Iulia Urbs Triumphalis Tarraco.<\/span><\/strong><\/em><\/a><\/p>\n<p style=\"text-align: justify;\"><span style=\"color: #0000ff;\"><span style=\"color: #000000;\">Pel mat\u00ed e<\/span><\/span>ls alumnes de la mat\u00e8ria de llat\u00ed de 4t d&#8217;ESO ens van fer de <em>Cicerones, <\/em>explicant als de 2n i 1r de batxillerat les restes arqueol\u00f2giques, des de les muralles fins a l&#8217;amfiteatre, passant pel circ i el f\u00f2rum local, sense deixar de fer una parada per veure l&#8217;Aq\u00fceducte rom\u00e0 o pont de les Ferreres.<\/p>\n<p style=\"text-align: justify;\"><a href=\"http:\/\/agora.xtec.cat\/iesacumella\/wp-content\/uploads\/usu1642\/2017\/05\/aq\u00fceducte.jpg\"><img loading=\"lazy\" decoding=\"async\" class=\"alignnone size-medium wp-image-4281\" src=\"http:\/\/agora.xtec.cat\/iesacumella\/wp-content\/uploads\/usu1642\/2017\/05\/aq\u00fceducte-300x169.jpg\" alt=\"aq\u00fceducte\" width=\"300\" height=\"169\" srcset=\"https:\/\/agora.xtec.cat\/iesacumella\/wp-content\/uploads\/usu1642\/2017\/05\/aq\u00fceducte-300x169.jpg 300w, https:\/\/agora.xtec.cat\/iesacumella\/wp-content\/uploads\/usu1642\/2017\/05\/aq\u00fceducte-768x432.jpg 768w, https:\/\/agora.xtec.cat\/iesacumella\/wp-content\/uploads\/usu1642\/2017\/05\/aq\u00fceducte-1024x576.jpg 1024w, https:\/\/agora.xtec.cat\/iesacumella\/wp-content\/uploads\/usu1642\/2017\/05\/aq\u00fceducte.jpg 1076w\" sizes=\"auto, (max-width: 300px) 100vw, 300px\" \/> <\/a><a href=\"http:\/\/agora.xtec.cat\/iesacumella\/wp-content\/uploads\/usu1642\/2017\/05\/IMG_20170419_130942.jpg\"><img loading=\"lazy\" decoding=\"async\" class=\"alignnone size-medium wp-image-4283\" src=\"http:\/\/agora.xtec.cat\/iesacumella\/wp-content\/uploads\/usu1642\/2017\/05\/IMG_20170419_130942-300x169.jpg\" alt=\"IMG_20170419_130942\" width=\"300\" height=\"169\" srcset=\"https:\/\/agora.xtec.cat\/iesacumella\/wp-content\/uploads\/usu1642\/2017\/05\/IMG_20170419_130942-300x169.jpg 300w, https:\/\/agora.xtec.cat\/iesacumella\/wp-content\/uploads\/usu1642\/2017\/05\/IMG_20170419_130942-768x432.jpg 768w, https:\/\/agora.xtec.cat\/iesacumella\/wp-content\/uploads\/usu1642\/2017\/05\/IMG_20170419_130942-1024x576.jpg 1024w\" sizes=\"auto, (max-width: 300px) 100vw, 300px\" \/><\/a><\/p>\n<p style=\"text-align: justify;\">Per la tarda, vam anar a veure l&#8217; obra de teatre <span style=\"text-decoration: underline;\"><em>Miles Gloriosus<\/em><\/span> \u00a0de Plaute, una com\u00e8dia que s&#8217;inclou dins els actes \u00a0del teatre Grecollat\u00ed \u00a0que enguany ha estat portada en escena per la companyia de l&#8217;Institut Pedro de Luna.<\/p>\n","protected":false},"excerpt":{"rendered":"<p>Tot just tornar de Setmana Santa marxem cap a Tarragona, per veure que \u00e9s \u00a0el que queda de l&#8217;antiga<a href=\"http:\/\/cataclascataclas.blogspot.com.es\/p\/etimologia-llatina.html\"> Colonia Iulia Urbs Triumphalis Tarraco.<\/a><br \/>\nPel mat\u00ed els alumnes de la mat\u00e8ria de llat\u00ed de 4t d&#8217;ESO ens van fer de Cicerones, explicant als de 2n&hellip;  <a href=\"https:\/\/agora.xtec.cat\/iesacumella\/portada\/estudis\/batxillerat\/sortida-a-tarragona\/\" title=\"Read SORTIDA A TARRAGONA\">Llegeix m\u00e9s\u00bb<\/a><\/p>\n","protected":false},"author":1,"featured_media":4282,"comment_status":"closed","ping_status":"closed","sticky":false,"template":"","format":"standard","meta":{"_bbp_topic_count":0,"_bbp_reply_count":0,"_bbp_total_topic_count":0,"_bbp_total_reply_count":0,"_bbp_voice_count":0,"_bbp_anonymous_reply_count":0,"_bbp_topic_count_hidden":0,"_bbp_reply_count_hidden":0,"_bbp_forum_subforum_count":0,"footnotes":""},"categories":[128,8,112],"tags":[],"class_list":["post-4242","post","type-post","status-publish","format-standard","has-post-thumbnail","hentry","category-4rt-eso","category-batxillerat","category-llengues-classiques"],"post_mailing_queue_ids":[],"_links":{"self":[{"href":"https:\/\/agora.xtec.cat\/iesacumella\/wp-json\/wp\/v2\/posts\/4242","targetHints":{"allow":["GET"]}}],"collection":[{"href":"https:\/\/agora.xtec.cat\/iesacumella\/wp-json\/wp\/v2\/posts"}],"about":[{"href":"https:\/\/agora.xtec.cat\/iesacumella\/wp-json\/wp\/v2\/types\/post"}],"author":[{"embeddable":true,"href":"https:\/\/agora.xtec.cat\/iesacumella\/wp-json\/wp\/v2\/users\/1"}],"replies":[{"embeddable":true,"href":"https:\/\/agora.xtec.cat\/iesacumella\/wp-json\/wp\/v2\/comments?post=4242"}],"version-history":[{"count":0,"href":"https:\/\/agora.xtec.cat\/iesacumella\/wp-json\/wp\/v2\/posts\/4242\/revisions"}],"wp:featuredmedia":[{"embeddable":true,"href":"https:\/\/agora.xtec.cat\/iesacumella\/wp-json\/wp\/v2\/media\/4282"}],"wp:attachment":[{"href":"https:\/\/agora.xtec.cat\/iesacumella\/wp-json\/wp\/v2\/media?parent=4242"}],"wp:term":[{"taxonomy":"category","embeddable":true,"href":"https:\/\/agora.xtec.cat\/iesacumella\/wp-json\/wp\/v2\/categories?post=4242"},{"taxonomy":"post_tag","embeddable":true,"href":"https:\/\/agora.xtec.cat\/iesacumella\/wp-json\/wp\/v2\/tags?post=4242"}],"curies":[{"name":"wp","href":"https:\/\/api.w.org\/{rel}","templated":true}]}}