{"id":4229,"date":"2017-05-10T11:04:51","date_gmt":"2017-05-10T10:04:51","guid":{"rendered":"http:\/\/blog.iesacumella.cat\/?p=4229"},"modified":"2017-05-10T11:04:51","modified_gmt":"2017-05-10T10:04:51","slug":"projecte-mirades-cyberbullying","status":"publish","type":"post","link":"https:\/\/agora.xtec.cat\/iesacumella\/portada\/general\/projecte-mirades-cyberbullying\/","title":{"rendered":"Projecte &#8220;Mirades&#8221;: CYBERBULLYING"},"content":{"rendered":"<p style=\"text-align: left;\">L&#8217;alumnat de 4t d&#8217;ESO ha comen\u00e7at a rodar el curtmetratge del projecte &#8220;Mirades&#8221; que enguany tracta la tem\u00e0tica del cyberbullying.<\/p>\n<p style=\"text-align: left;\">El treball consisteix en la redacci\u00f3 d&#8217;un gui\u00f3 en llengua anglesa o francesa. Finalment, s&#8217;enregistra i edita en col.laboraci\u00f3 amb les mat\u00e8ries de M\u00fasica, Escenografia i Imatge i So.<\/p>\n<p style=\"text-align: left;\"><a href=\"http:\/\/agora.xtec.cat\/iesacumella\/wp-content\/uploads\/usu1642\/2017\/05\/IMG_0782.jpg\"><br \/>\n<img loading=\"lazy\" decoding=\"async\" class=\"alignnone size-medium wp-image-4234\" src=\"http:\/\/agora.xtec.cat\/iesacumella\/wp-content\/uploads\/usu1642\/2017\/05\/IMG_0782-300x225.jpg\" alt=\"IMG_0782\" width=\"300\" height=\"225\" srcset=\"https:\/\/agora.xtec.cat\/iesacumella\/wp-content\/uploads\/usu1642\/2017\/05\/IMG_0782-300x225.jpg 300w, https:\/\/agora.xtec.cat\/iesacumella\/wp-content\/uploads\/usu1642\/2017\/05\/IMG_0782-768x576.jpg 768w, https:\/\/agora.xtec.cat\/iesacumella\/wp-content\/uploads\/usu1642\/2017\/05\/IMG_0782-1024x768.jpg 1024w, https:\/\/agora.xtec.cat\/iesacumella\/wp-content\/uploads\/usu1642\/2017\/05\/IMG_0782-200x150.jpg 200w\" sizes=\"auto, (max-width: 300px) 100vw, 300px\" \/><\/a><\/p>\n<p style=\"text-align: left;\"><a href=\"http:\/\/agora.xtec.cat\/iesacumella\/wp-content\/uploads\/usu1642\/2017\/05\/IMG_0782.jpg\"><br \/>\n<\/a><a href=\"http:\/\/agora.xtec.cat\/iesacumella\/wp-content\/uploads\/usu1642\/2017\/05\/IMG_0781-e1494946405446.jpg\"><img loading=\"lazy\" decoding=\"async\" class=\"alignnone wp-image-4233 size-medium\" src=\"http:\/\/agora.xtec.cat\/iesacumella\/wp-content\/uploads\/usu1642\/2017\/05\/IMG_0781-e1494946405446-225x300.jpg\" alt=\"IMG_0781\" width=\"225\" height=\"300\" srcset=\"https:\/\/agora.xtec.cat\/iesacumella\/wp-content\/uploads\/usu1642\/2017\/05\/IMG_0781-e1494946405446-225x300.jpg 225w, https:\/\/agora.xtec.cat\/iesacumella\/wp-content\/uploads\/usu1642\/2017\/05\/IMG_0781-e1494946405446-768x1024.jpg 768w\" sizes=\"auto, (max-width: 225px) 100vw, 225px\" \/><\/a><\/p>\n<p style=\"text-align: left;\"><a href=\"http:\/\/agora.xtec.cat\/iesacumella\/wp-content\/uploads\/usu1642\/2017\/05\/IMG_0780-e1494946455931.jpg\"><img loading=\"lazy\" decoding=\"async\" class=\"alignnone wp-image-4232 size-medium\" src=\"http:\/\/agora.xtec.cat\/iesacumella\/wp-content\/uploads\/usu1642\/2017\/05\/IMG_0780-e1494946455931-225x300.jpg\" alt=\"IMG_0780\" width=\"225\" height=\"300\" srcset=\"https:\/\/agora.xtec.cat\/iesacumella\/wp-content\/uploads\/usu1642\/2017\/05\/IMG_0780-e1494946455931-225x300.jpg 225w, https:\/\/agora.xtec.cat\/iesacumella\/wp-content\/uploads\/usu1642\/2017\/05\/IMG_0780-e1494946455931-768x1024.jpg 768w\" sizes=\"auto, (max-width: 225px) 100vw, 225px\" \/><\/a><\/p>\n<p style=\"text-align: left;\"><a href=\"http:\/\/agora.xtec.cat\/iesacumella\/wp-content\/uploads\/usu1642\/2017\/05\/IMG_0787.jpg\"><img loading=\"lazy\" decoding=\"async\" class=\"alignnone size-medium wp-image-4235\" src=\"http:\/\/agora.xtec.cat\/iesacumella\/wp-content\/uploads\/usu1642\/2017\/05\/IMG_0787-300x225.jpg\" alt=\"IMG_0787\" width=\"300\" height=\"225\" srcset=\"https:\/\/agora.xtec.cat\/iesacumella\/wp-content\/uploads\/usu1642\/2017\/05\/IMG_0787-300x225.jpg 300w, https:\/\/agora.xtec.cat\/iesacumella\/wp-content\/uploads\/usu1642\/2017\/05\/IMG_0787-768x576.jpg 768w, https:\/\/agora.xtec.cat\/iesacumella\/wp-content\/uploads\/usu1642\/2017\/05\/IMG_0787-1024x768.jpg 1024w, https:\/\/agora.xtec.cat\/iesacumella\/wp-content\/uploads\/usu1642\/2017\/05\/IMG_0787-200x150.jpg 200w\" sizes=\"auto, (max-width: 300px) 100vw, 300px\" \/><\/a><\/p>\n","protected":false},"excerpt":{"rendered":"<p>L&#8217;alumnat de 4t d&#8217;ESO ha comen\u00e7at a rodar el curtmetratge del projecte &#8220;Mirades&#8221; que enguany tracta la tem\u00e0tica del cyberbullying.<br \/>\nEl treball consisteix en la redacci\u00f3 d&#8217;un gui\u00f3 en llengua anglesa o francesa. Finalment, s&#8217;enregistra i edita en col.laboraci\u00f3 amb les mat\u00e8ries de M\u00fasica, Escenografia i&hellip;  <a href=\"https:\/\/agora.xtec.cat\/iesacumella\/portada\/general\/projecte-mirades-cyberbullying\/\" title=\"Read Projecte &#8220;Mirades&#8221;: CYBERBULLYING\">Llegeix m\u00e9s\u00bb<\/a><\/p>\n","protected":false},"author":1,"featured_media":0,"comment_status":"closed","ping_status":"closed","sticky":false,"template":"","format":"standard","meta":{"_bbp_topic_count":0,"_bbp_reply_count":0,"_bbp_total_topic_count":0,"_bbp_total_reply_count":0,"_bbp_voice_count":0,"_bbp_anonymous_reply_count":0,"_bbp_topic_count_hidden":0,"_bbp_reply_count_hidden":0,"_bbp_forum_subforum_count":0,"footnotes":""},"categories":[1],"tags":[],"class_list":["post-4229","post","type-post","status-publish","format-standard","hentry","category-general"],"post_mailing_queue_ids":[],"_links":{"self":[{"href":"https:\/\/agora.xtec.cat\/iesacumella\/wp-json\/wp\/v2\/posts\/4229","targetHints":{"allow":["GET"]}}],"collection":[{"href":"https:\/\/agora.xtec.cat\/iesacumella\/wp-json\/wp\/v2\/posts"}],"about":[{"href":"https:\/\/agora.xtec.cat\/iesacumella\/wp-json\/wp\/v2\/types\/post"}],"author":[{"embeddable":true,"href":"https:\/\/agora.xtec.cat\/iesacumella\/wp-json\/wp\/v2\/users\/1"}],"replies":[{"embeddable":true,"href":"https:\/\/agora.xtec.cat\/iesacumella\/wp-json\/wp\/v2\/comments?post=4229"}],"version-history":[{"count":0,"href":"https:\/\/agora.xtec.cat\/iesacumella\/wp-json\/wp\/v2\/posts\/4229\/revisions"}],"wp:attachment":[{"href":"https:\/\/agora.xtec.cat\/iesacumella\/wp-json\/wp\/v2\/media?parent=4229"}],"wp:term":[{"taxonomy":"category","embeddable":true,"href":"https:\/\/agora.xtec.cat\/iesacumella\/wp-json\/wp\/v2\/categories?post=4229"},{"taxonomy":"post_tag","embeddable":true,"href":"https:\/\/agora.xtec.cat\/iesacumella\/wp-json\/wp\/v2\/tags?post=4229"}],"curies":[{"name":"wp","href":"https:\/\/api.w.org\/{rel}","templated":true}]}}