{"id":4036,"date":"2017-03-31T09:44:56","date_gmt":"2017-03-31T08:44:56","guid":{"rendered":"http:\/\/blog.iesacumella.cat\/?p=4036"},"modified":"2017-03-31T09:44:56","modified_gmt":"2017-03-31T08:44:56","slug":"tibitecno-2017","status":"publish","type":"post","link":"https:\/\/agora.xtec.cat\/iesacumella\/portada\/departaments\/tecnologia\/tibitecno-2017\/","title":{"rendered":"TiBiTeCno 2017"},"content":{"rendered":"<p>El passat dimecres 8 de mar\u00e7 els alumnes de 3r d&#8217;ESO i d&#8217;AO de l&#8217;Institut van poder gaudir d&#8217;una jornada d&#8217;emocions, diversi\u00f3 i aprenentatge de la tecnologia al Parc d&#8217;atraccions del Tibidabo.<\/p>\n<p>Dins de la proposta d&#8217;Activitats Did\u00e0ctiques del Parc, els alumnes van poder con\u00e8ixer el funcionament d&#8217;algunes de les atraccions m\u00e9s exitoses del Parc com l&#8217;Hurakan, el Piratta, el Crash Cars, el Tibidabo Express i la Muntaya Russa.<\/p>\n<p>Va ser una jornada molt intensa, per\u00f2 ens ho vam passar d&#8217;all\u00f2 m\u00e9s b\u00e9.<\/p>\n<p>&nbsp;<\/p>\n\n\t\t<style type=\"text\/css\">\n\t\t\t#gallery-1 {\n\t\t\t\tmargin: auto;\n\t\t\t}\n\t\t\t#gallery-1 .gallery-item {\n\t\t\t\tfloat: left;\n\t\t\t\tmargin-top: 10px;\n\t\t\t\ttext-align: center;\n\t\t\t\twidth: 50%;\n\t\t\t}\n\t\t\t#gallery-1 img {\n\t\t\t\tborder: 2px solid #cfcfcf;\n\t\t\t}\n\t\t\t#gallery-1 .gallery-caption {\n\t\t\t\tmargin-left: 0;\n\t\t\t}\n\t\t\t\/* see gallery_shortcode() in wp-includes\/media.php *\/\n\t\t<\/style>\n\t\t<div id='gallery-1' class='gallery galleryid-4036 gallery-columns-2 gallery-size-medium'><dl class='gallery-item'>\n\t\t\t<dt class='gallery-icon landscape'>\n\t\t\t\t<a href='https:\/\/agora.xtec.cat\/iesacumella\/wp-content\/uploads\/usu1642\/2017\/03\/C\u00f2pia-de-DSC02206-Anna-Borrull-Mart\u00ednez.jpg'><img loading=\"lazy\" decoding=\"async\" width=\"300\" height=\"169\" src=\"https:\/\/agora.xtec.cat\/iesacumella\/wp-content\/uploads\/usu1642\/2017\/03\/C\u00f2pia-de-DSC02206-Anna-Borrull-Mart\u00ednez-300x169.jpg\" class=\"attachment-medium size-medium\" alt=\"\" srcset=\"https:\/\/agora.xtec.cat\/iesacumella\/wp-content\/uploads\/usu1642\/2017\/03\/C\u00f2pia-de-DSC02206-Anna-Borrull-Mart\u00ednez-300x169.jpg 300w, https:\/\/agora.xtec.cat\/iesacumella\/wp-content\/uploads\/usu1642\/2017\/03\/C\u00f2pia-de-DSC02206-Anna-Borrull-Mart\u00ednez-768x432.jpg 768w, https:\/\/agora.xtec.cat\/iesacumella\/wp-content\/uploads\/usu1642\/2017\/03\/C\u00f2pia-de-DSC02206-Anna-Borrull-Mart\u00ednez-1024x576.jpg 1024w\" sizes=\"auto, (max-width: 300px) 100vw, 300px\" \/><\/a>\n\t\t\t<\/dt><\/dl><dl class='gallery-item'>\n\t\t\t<dt class='gallery-icon landscape'>\n\t\t\t\t<a href='https:\/\/agora.xtec.cat\/iesacumella\/wp-content\/uploads\/usu1642\/2017\/03\/C\u00f2pia-de-DSC02159-Anna-Borrull-Mart\u00ednez.jpg'><img loading=\"lazy\" decoding=\"async\" width=\"300\" height=\"169\" src=\"https:\/\/agora.xtec.cat\/iesacumella\/wp-content\/uploads\/usu1642\/2017\/03\/C\u00f2pia-de-DSC02159-Anna-Borrull-Mart\u00ednez-300x169.jpg\" class=\"attachment-medium size-medium\" alt=\"\" srcset=\"https:\/\/agora.xtec.cat\/iesacumella\/wp-content\/uploads\/usu1642\/2017\/03\/C\u00f2pia-de-DSC02159-Anna-Borrull-Mart\u00ednez-300x169.jpg 300w, https:\/\/agora.xtec.cat\/iesacumella\/wp-content\/uploads\/usu1642\/2017\/03\/C\u00f2pia-de-DSC02159-Anna-Borrull-Mart\u00ednez-768x432.jpg 768w, https:\/\/agora.xtec.cat\/iesacumella\/wp-content\/uploads\/usu1642\/2017\/03\/C\u00f2pia-de-DSC02159-Anna-Borrull-Mart\u00ednez-1024x576.jpg 1024w\" sizes=\"auto, (max-width: 300px) 100vw, 300px\" \/><\/a>\n\t\t\t<\/dt><\/dl><br style=\"clear: both\" \/><dl class='gallery-item'>\n\t\t\t<dt class='gallery-icon landscape'>\n\t\t\t\t<a href='https:\/\/agora.xtec.cat\/iesacumella\/wp-content\/uploads\/usu1642\/2017\/03\/C\u00f2pia-de-DSC02156-Anna-Borrull-Mart\u00ednez.jpg'><img loading=\"lazy\" decoding=\"async\" width=\"300\" height=\"169\" src=\"https:\/\/agora.xtec.cat\/iesacumella\/wp-content\/uploads\/usu1642\/2017\/03\/C\u00f2pia-de-DSC02156-Anna-Borrull-Mart\u00ednez-300x169.jpg\" class=\"attachment-medium size-medium\" alt=\"\" srcset=\"https:\/\/agora.xtec.cat\/iesacumella\/wp-content\/uploads\/usu1642\/2017\/03\/C\u00f2pia-de-DSC02156-Anna-Borrull-Mart\u00ednez-300x169.jpg 300w, https:\/\/agora.xtec.cat\/iesacumella\/wp-content\/uploads\/usu1642\/2017\/03\/C\u00f2pia-de-DSC02156-Anna-Borrull-Mart\u00ednez-768x432.jpg 768w, https:\/\/agora.xtec.cat\/iesacumella\/wp-content\/uploads\/usu1642\/2017\/03\/C\u00f2pia-de-DSC02156-Anna-Borrull-Mart\u00ednez-1024x576.jpg 1024w\" sizes=\"auto, (max-width: 300px) 100vw, 300px\" \/><\/a>\n\t\t\t<\/dt><\/dl><dl class='gallery-item'>\n\t\t\t<dt class='gallery-icon landscape'>\n\t\t\t\t<a href='https:\/\/agora.xtec.cat\/iesacumella\/wp-content\/uploads\/usu1642\/2017\/03\/C\u00f2pia-de-IMG_20170308_101643-Anna-Borrull-Mart\u00ednez.jpg'><img loading=\"lazy\" decoding=\"async\" width=\"300\" height=\"225\" src=\"https:\/\/agora.xtec.cat\/iesacumella\/wp-content\/uploads\/usu1642\/2017\/03\/C\u00f2pia-de-IMG_20170308_101643-Anna-Borrull-Mart\u00ednez-300x225.jpg\" class=\"attachment-medium size-medium\" alt=\"\" srcset=\"https:\/\/agora.xtec.cat\/iesacumella\/wp-content\/uploads\/usu1642\/2017\/03\/C\u00f2pia-de-IMG_20170308_101643-Anna-Borrull-Mart\u00ednez-300x225.jpg 300w, https:\/\/agora.xtec.cat\/iesacumella\/wp-content\/uploads\/usu1642\/2017\/03\/C\u00f2pia-de-IMG_20170308_101643-Anna-Borrull-Mart\u00ednez-768x576.jpg 768w, https:\/\/agora.xtec.cat\/iesacumella\/wp-content\/uploads\/usu1642\/2017\/03\/C\u00f2pia-de-IMG_20170308_101643-Anna-Borrull-Mart\u00ednez-1024x768.jpg 1024w, https:\/\/agora.xtec.cat\/iesacumella\/wp-content\/uploads\/usu1642\/2017\/03\/C\u00f2pia-de-IMG_20170308_101643-Anna-Borrull-Mart\u00ednez-200x150.jpg 200w\" sizes=\"auto, (max-width: 300px) 100vw, 300px\" \/><\/a>\n\t\t\t<\/dt><\/dl><br style=\"clear: both\" \/>\n\t\t<\/div>\n\n<p>&nbsp;<\/p>\n","protected":false},"excerpt":{"rendered":"<p>El passat dimecres 8 de mar\u00e7 els alumnes de 3r d&#8217;ESO i d&#8217;AO de l&#8217;Institut van poder gaudir d&#8217;una jornada d&#8217;emocions, diversi\u00f3 i aprenentatge de la tecnologia al Parc d&#8217;atraccions del Tibidabo.<br \/>\nDins de la proposta d&#8217;Activitats Did\u00e0ctiques del Parc, els alumnes van poder con\u00e8ixer el&hellip;  <a href=\"https:\/\/agora.xtec.cat\/iesacumella\/portada\/departaments\/tecnologia\/tibitecno-2017\/\" title=\"Read TiBiTeCno 2017\">Llegeix m\u00e9s\u00bb<\/a><\/p>\n","protected":false},"author":1,"featured_media":4043,"comment_status":"closed","ping_status":"closed","sticky":false,"template":"","format":"standard","meta":{"_bbp_topic_count":0,"_bbp_reply_count":0,"_bbp_total_topic_count":0,"_bbp_total_reply_count":0,"_bbp_voice_count":0,"_bbp_anonymous_reply_count":0,"_bbp_topic_count_hidden":0,"_bbp_reply_count_hidden":0,"_bbp_forum_subforum_count":0,"footnotes":""},"categories":[127,122],"tags":[],"class_list":["post-4036","post","type-post","status-publish","format-standard","has-post-thumbnail","hentry","category-3r-eso","category-tecnologia"],"post_mailing_queue_ids":[],"_links":{"self":[{"href":"https:\/\/agora.xtec.cat\/iesacumella\/wp-json\/wp\/v2\/posts\/4036","targetHints":{"allow":["GET"]}}],"collection":[{"href":"https:\/\/agora.xtec.cat\/iesacumella\/wp-json\/wp\/v2\/posts"}],"about":[{"href":"https:\/\/agora.xtec.cat\/iesacumella\/wp-json\/wp\/v2\/types\/post"}],"author":[{"embeddable":true,"href":"https:\/\/agora.xtec.cat\/iesacumella\/wp-json\/wp\/v2\/users\/1"}],"replies":[{"embeddable":true,"href":"https:\/\/agora.xtec.cat\/iesacumella\/wp-json\/wp\/v2\/comments?post=4036"}],"version-history":[{"count":0,"href":"https:\/\/agora.xtec.cat\/iesacumella\/wp-json\/wp\/v2\/posts\/4036\/revisions"}],"wp:featuredmedia":[{"embeddable":true,"href":"https:\/\/agora.xtec.cat\/iesacumella\/wp-json\/wp\/v2\/media\/4043"}],"wp:attachment":[{"href":"https:\/\/agora.xtec.cat\/iesacumella\/wp-json\/wp\/v2\/media?parent=4036"}],"wp:term":[{"taxonomy":"category","embeddable":true,"href":"https:\/\/agora.xtec.cat\/iesacumella\/wp-json\/wp\/v2\/categories?post=4036"},{"taxonomy":"post_tag","embeddable":true,"href":"https:\/\/agora.xtec.cat\/iesacumella\/wp-json\/wp\/v2\/tags?post=4036"}],"curies":[{"name":"wp","href":"https:\/\/api.w.org\/{rel}","templated":true}]}}