{"id":4020,"date":"2017-03-22T13:30:28","date_gmt":"2017-03-22T12:30:28","guid":{"rendered":"http:\/\/blog.iesacumella.cat\/?p=4020"},"modified":"2017-03-22T13:30:28","modified_gmt":"2017-03-22T12:30:28","slug":"edip-rei-tragedia-grega","status":"publish","type":"post","link":"https:\/\/agora.xtec.cat\/iesacumella\/portada\/estudis\/batxillerat\/edip-rei-tragedia-grega\/","title":{"rendered":"\u00c8DIP REI, una trag\u00e8dia grega"},"content":{"rendered":"<p style=\"text-align: justify;\">Els alumnes de grec hem anat al <strong><span style=\"color: #800000;\">teatre Joventut d&#8217;Hospitalet<\/span><\/strong> \u00a0a veure la representaci\u00f3 d<strong><span style=\"color: #800000;\">&#8216;\u00c8dip Rei<\/span> <\/strong>per la <strong><span style=\"color: #800000;\">companyia Aedo de Cadis.<\/span><\/strong><span style=\"color: #800000;\"><span style=\"color: #000000;\"> Ens ha agradat la posada en escena de la companyia, perqu\u00e8 pel que fa al text han estat molt fidels \u00a0al mite del qual ens parla \u00a0S\u00f2focles, al mateix temps de com es representaven les \u00a0trag\u00e8dies a l&#8217;antiga Gr\u00e8cia. Per exemple, a Gr\u00e8cia els actors sempre eren 3 m\u00e9s el representant del cor, el Corifeu; i ells tamb\u00e9 eren 4 actors que es repartien els diferents papers; El Cor s&#8217;estava fix dalt de l&#8217;escena, encara que no actu\u00e9s, gr\u00e0cies al vestuari que duien i que els permetia entrar i sortir aprofitant el joc d&#8217;ombres i llums.<\/span><\/span><\/p>\n<p style=\"text-align: justify;\">Tamb\u00e9 vam poder gaudir del moment cat\u00e0rtic , inherent a la trag\u00e8dia, quan l&#8217;actor ens va commoure amb la seva brillant, magn\u00edfica , meravellosa, excel\u00b7lent actuaci\u00f3.<\/p>\n<p style=\"text-align: justify;\">\u00a0 \u00a0 \u00a0 \u00a0 \u00a0 \u00a0 \u00a0 \u00a0 \u00a0 \u00a0 \u00a0 \u00a0 \u00a0 \u00a0 \u00a0 \u00a0 \u00a0 \u00a0 \u00a0 \u00a0 \u00a0 \u00a0 \u00a0 \u00a0 \u00a0 \u00a0 \u00a0 \u00a0 \u00a0 \u00a0 \u00a0 \u00a0 \u00a0 \u00a0 \u00a0 \u00a0 \u00a0 \u00a0 \u00a0 \u00a0 \u00a0 \u00a0 \u00a0 \u00a0 \u00a0 \u00a0 \u00a0 \u00a0 \u00a0 \u00a0 \u00a0 \u00a0 \u00a0 \u00a0 \u00a0Dayana Ondarza , Montse Reyes i Sara Santamaria<\/p>\n","protected":false},"excerpt":{"rendered":"<p>Els alumnes de grec hem anat al teatre Joventut d&#8217;Hospitalet \u00a0a veure la representaci\u00f3 d&#8216;\u00c8dip Rei per la companyia Aedo de Cadis. Ens ha agradat la posada en escena de la companyia, perqu\u00e8 pel que fa al text han estat molt fidels \u00a0al mite del&hellip;  <a href=\"https:\/\/agora.xtec.cat\/iesacumella\/portada\/estudis\/batxillerat\/edip-rei-tragedia-grega\/\" title=\"Read \u00c8DIP REI, una trag\u00e8dia grega\">Llegeix m\u00e9s\u00bb<\/a><\/p>\n","protected":false},"author":1,"featured_media":4022,"comment_status":"closed","ping_status":"closed","sticky":false,"template":"","format":"standard","meta":{"_bbp_topic_count":0,"_bbp_reply_count":0,"_bbp_total_topic_count":0,"_bbp_total_reply_count":0,"_bbp_voice_count":0,"_bbp_anonymous_reply_count":0,"_bbp_topic_count_hidden":0,"_bbp_reply_count_hidden":0,"_bbp_forum_subforum_count":0,"footnotes":""},"categories":[8,112],"tags":[],"class_list":["post-4020","post","type-post","status-publish","format-standard","has-post-thumbnail","hentry","category-batxillerat","category-llengues-classiques"],"post_mailing_queue_ids":[],"_links":{"self":[{"href":"https:\/\/agora.xtec.cat\/iesacumella\/wp-json\/wp\/v2\/posts\/4020","targetHints":{"allow":["GET"]}}],"collection":[{"href":"https:\/\/agora.xtec.cat\/iesacumella\/wp-json\/wp\/v2\/posts"}],"about":[{"href":"https:\/\/agora.xtec.cat\/iesacumella\/wp-json\/wp\/v2\/types\/post"}],"author":[{"embeddable":true,"href":"https:\/\/agora.xtec.cat\/iesacumella\/wp-json\/wp\/v2\/users\/1"}],"replies":[{"embeddable":true,"href":"https:\/\/agora.xtec.cat\/iesacumella\/wp-json\/wp\/v2\/comments?post=4020"}],"version-history":[{"count":0,"href":"https:\/\/agora.xtec.cat\/iesacumella\/wp-json\/wp\/v2\/posts\/4020\/revisions"}],"wp:featuredmedia":[{"embeddable":true,"href":"https:\/\/agora.xtec.cat\/iesacumella\/wp-json\/wp\/v2\/media\/4022"}],"wp:attachment":[{"href":"https:\/\/agora.xtec.cat\/iesacumella\/wp-json\/wp\/v2\/media?parent=4020"}],"wp:term":[{"taxonomy":"category","embeddable":true,"href":"https:\/\/agora.xtec.cat\/iesacumella\/wp-json\/wp\/v2\/categories?post=4020"},{"taxonomy":"post_tag","embeddable":true,"href":"https:\/\/agora.xtec.cat\/iesacumella\/wp-json\/wp\/v2\/tags?post=4020"}],"curies":[{"name":"wp","href":"https:\/\/api.w.org\/{rel}","templated":true}]}}