{"id":4001,"date":"2017-03-09T14:59:28","date_gmt":"2017-03-09T13:59:28","guid":{"rendered":"http:\/\/blog.iesacumella.cat\/?p=4001"},"modified":"2017-03-09T14:59:28","modified_gmt":"2017-03-09T13:59:28","slug":"8-marc-dia-internacional-dona","status":"publish","type":"post","link":"https:\/\/agora.xtec.cat\/iesacumella\/portada\/general\/8-marc-dia-internacional-dona\/","title":{"rendered":"8 de mar\u00e7. Dia Internacional de la dona"},"content":{"rendered":"<p><span style=\"font-weight: 400;\">Diu Patr\u00edcia Mart\u00ednez que les dones feministes del segle XX van dir al m\u00f3n que <\/span><b><i>\u201call\u00f2 que no es nomena, no existeix\u201d.<\/i><\/b><\/p>\n<p><span style=\"font-weight: 400;\">En aquesta frase hi ha molta pol\u00edtica i hi ha un advertiment: el silenci fa que les coses no existeixin per aix\u00f2 <\/span><b>aquest 8 de mar\u00e7 i tots els dies<\/b><span style=\"font-weight: 400;\"> cal cridar ben alt: -Encara hi ha molt per fer!!. \u00c9S NECESS\u00c0RIA UNA REVOLUCI\u00d3 SIMB\u00d2LICA.<\/span><\/p>\n<p><span style=\"font-weight: 400;\">Per aquest motiu un grup de noies de 4t d\u00b4ESO va llegir un <\/span><b>Manifest <\/b><span style=\"font-weight: 400;\">que pretenia denunciar l\u00b4estat de coses que encara no permeten que la dona i l\u00b4home hagin assolit \u00a0\u00a0l\u00b4estat d\u00b4igualtat real, mentre la resta d\u00b4alumnes van col.laborar a fer visible aquesta problem\u00e0tica fent un gran lla\u00e7 color lila.<\/span><\/p>\n\n\t\t<style type=\"text\/css\">\n\t\t\t#gallery-1 {\n\t\t\t\tmargin: auto;\n\t\t\t}\n\t\t\t#gallery-1 .gallery-item {\n\t\t\t\tfloat: left;\n\t\t\t\tmargin-top: 10px;\n\t\t\t\ttext-align: center;\n\t\t\t\twidth: 100%;\n\t\t\t}\n\t\t\t#gallery-1 img {\n\t\t\t\tborder: 2px solid #cfcfcf;\n\t\t\t}\n\t\t\t#gallery-1 .gallery-caption {\n\t\t\t\tmargin-left: 0;\n\t\t\t}\n\t\t\t\/* see gallery_shortcode() in wp-includes\/media.php *\/\n\t\t<\/style>\n\t\t<div id='gallery-1' class='gallery galleryid-4001 gallery-columns-1 gallery-size-medium'><dl class='gallery-item'>\n\t\t\t<dt class='gallery-icon landscape'>\n\t\t\t\t<a href='https:\/\/agora.xtec.cat\/iesacumella\/wp-content\/uploads\/usu1642\/2017\/03\/IMG-20170308-WA0003.jpg'><img loading=\"lazy\" decoding=\"async\" width=\"300\" height=\"225\" src=\"https:\/\/agora.xtec.cat\/iesacumella\/wp-content\/uploads\/usu1642\/2017\/03\/IMG-20170308-WA0003-300x225.jpg\" class=\"attachment-medium size-medium\" alt=\"\" srcset=\"https:\/\/agora.xtec.cat\/iesacumella\/wp-content\/uploads\/usu1642\/2017\/03\/IMG-20170308-WA0003-300x225.jpg 300w, https:\/\/agora.xtec.cat\/iesacumella\/wp-content\/uploads\/usu1642\/2017\/03\/IMG-20170308-WA0003-768x576.jpg 768w, https:\/\/agora.xtec.cat\/iesacumella\/wp-content\/uploads\/usu1642\/2017\/03\/IMG-20170308-WA0003-1024x768.jpg 1024w, https:\/\/agora.xtec.cat\/iesacumella\/wp-content\/uploads\/usu1642\/2017\/03\/IMG-20170308-WA0003-200x150.jpg 200w, https:\/\/agora.xtec.cat\/iesacumella\/wp-content\/uploads\/usu1642\/2017\/03\/IMG-20170308-WA0003.jpg 1600w\" sizes=\"auto, (max-width: 300px) 100vw, 300px\" \/><\/a>\n\t\t\t<\/dt><\/dl><br style=\"clear: both\" \/><dl class='gallery-item'>\n\t\t\t<dt class='gallery-icon landscape'>\n\t\t\t\t<a href='https:\/\/agora.xtec.cat\/iesacumella\/wp-content\/uploads\/usu1642\/2017\/03\/IMG-20170308-WA0004.jpg'><img loading=\"lazy\" decoding=\"async\" width=\"300\" height=\"169\" src=\"https:\/\/agora.xtec.cat\/iesacumella\/wp-content\/uploads\/usu1642\/2017\/03\/IMG-20170308-WA0004-300x169.jpg\" class=\"attachment-medium size-medium\" alt=\"\" srcset=\"https:\/\/agora.xtec.cat\/iesacumella\/wp-content\/uploads\/usu1642\/2017\/03\/IMG-20170308-WA0004-300x169.jpg 300w, https:\/\/agora.xtec.cat\/iesacumella\/wp-content\/uploads\/usu1642\/2017\/03\/IMG-20170308-WA0004-768x432.jpg 768w, https:\/\/agora.xtec.cat\/iesacumella\/wp-content\/uploads\/usu1642\/2017\/03\/IMG-20170308-WA0004-1024x576.jpg 1024w, https:\/\/agora.xtec.cat\/iesacumella\/wp-content\/uploads\/usu1642\/2017\/03\/IMG-20170308-WA0004.jpg 1600w\" sizes=\"auto, (max-width: 300px) 100vw, 300px\" \/><\/a>\n\t\t\t<\/dt><\/dl><br style=\"clear: both\" \/>\n\t\t<\/div>\n\n<p>&nbsp;<\/p>\n","protected":false},"excerpt":{"rendered":"<p>Diu Patr\u00edcia Mart\u00ednez que les dones feministes del segle XX van dir al m\u00f3n que \u201call\u00f2 que no es nomena, no existeix\u201d.<br \/>\nEn aquesta frase hi ha molta pol\u00edtica i hi ha un advertiment: el silenci fa que les coses no existeixin per aix\u00f2 aquest 8&hellip;  <a href=\"https:\/\/agora.xtec.cat\/iesacumella\/portada\/general\/8-marc-dia-internacional-dona\/\" title=\"Read 8 de mar\u00e7. Dia Internacional de la dona\">Llegeix m\u00e9s\u00bb<\/a><\/p>\n","protected":false},"author":1,"featured_media":4006,"comment_status":"closed","ping_status":"closed","sticky":false,"template":"","format":"standard","meta":{"_bbp_topic_count":0,"_bbp_reply_count":0,"_bbp_total_topic_count":0,"_bbp_total_reply_count":0,"_bbp_voice_count":0,"_bbp_anonymous_reply_count":0,"_bbp_topic_count_hidden":0,"_bbp_reply_count_hidden":0,"_bbp_forum_subforum_count":0,"footnotes":""},"categories":[1],"tags":[],"class_list":["post-4001","post","type-post","status-publish","format-standard","has-post-thumbnail","hentry","category-general"],"post_mailing_queue_ids":[],"_links":{"self":[{"href":"https:\/\/agora.xtec.cat\/iesacumella\/wp-json\/wp\/v2\/posts\/4001","targetHints":{"allow":["GET"]}}],"collection":[{"href":"https:\/\/agora.xtec.cat\/iesacumella\/wp-json\/wp\/v2\/posts"}],"about":[{"href":"https:\/\/agora.xtec.cat\/iesacumella\/wp-json\/wp\/v2\/types\/post"}],"author":[{"embeddable":true,"href":"https:\/\/agora.xtec.cat\/iesacumella\/wp-json\/wp\/v2\/users\/1"}],"replies":[{"embeddable":true,"href":"https:\/\/agora.xtec.cat\/iesacumella\/wp-json\/wp\/v2\/comments?post=4001"}],"version-history":[{"count":0,"href":"https:\/\/agora.xtec.cat\/iesacumella\/wp-json\/wp\/v2\/posts\/4001\/revisions"}],"wp:featuredmedia":[{"embeddable":true,"href":"https:\/\/agora.xtec.cat\/iesacumella\/wp-json\/wp\/v2\/media\/4006"}],"wp:attachment":[{"href":"https:\/\/agora.xtec.cat\/iesacumella\/wp-json\/wp\/v2\/media?parent=4001"}],"wp:term":[{"taxonomy":"category","embeddable":true,"href":"https:\/\/agora.xtec.cat\/iesacumella\/wp-json\/wp\/v2\/categories?post=4001"},{"taxonomy":"post_tag","embeddable":true,"href":"https:\/\/agora.xtec.cat\/iesacumella\/wp-json\/wp\/v2\/tags?post=4001"}],"curies":[{"name":"wp","href":"https:\/\/api.w.org\/{rel}","templated":true}]}}