{"id":3910,"date":"2017-02-14T12:57:23","date_gmt":"2017-02-14T11:57:23","guid":{"rendered":"http:\/\/blog.iesacumella.cat\/?p=3910"},"modified":"2017-02-14T12:57:23","modified_gmt":"2017-02-14T11:57:23","slug":"classificacio-vi-odissea","status":"publish","type":"post","link":"https:\/\/agora.xtec.cat\/iesacumella\/portada\/estudis\/batxillerat\/classificacio-vi-odissea\/","title":{"rendered":"Classificaci\u00f3 en la VI Odissea"},"content":{"rendered":"<p style=\"text-align: justify; padding-left: 30px;\">El concurs ja ha acabat i \u00a0es podria dir que tot i que cap grup del nostre institut ha sortit victori\u00f3s, s\u00ed que \u00e9s veritat que han deixat el llist\u00f3 molt alt. <strong><span style=\"color: #008000;\">Felicitats a tots els participants que espero hagin gaudit buscant nous coneixements.<\/span><\/strong><\/p>\n<table style=\"padding-left: 30px;\">\n<tbody style=\"padding-left: 30px;\">\n<tr style=\"padding-left: 30px;\">\n<td style=\"padding-left: 30px;\" width=\"338\">\n<p style=\"padding-left: 30px;\">GRUP<\/p>\n<\/td>\n<td style=\"padding-left: 30px;\" width=\"94\">\n<p style=\"padding-left: 30px;\">POSICI\u00d3<\/p>\n<\/td>\n<td style=\"padding-left: 30px;\" width=\"95\">\n<p style=\"padding-left: 30px;\">PUNTS<\/p>\n<\/td>\n<\/tr>\n<tr style=\"padding-left: 30px;\">\n<td style=\"padding-left: 30px;\" width=\"338\">\n<p style=\"padding-left: 30px;\"><strong>\u00a0<\/strong><strong>LA TR\u00cdADE CAPITOLINA<\/strong><\/p>\n<p style=\"padding-left: 30px;\">\u00a0Isa Fern\u00e0ndez, Jara Rodr\u00edguez i Ra\u00fal Navas<\/p>\n<\/td>\n<td style=\"padding-left: 30px;\" width=\"94\">\n<p style=\"padding-left: 30px;\">60a<\/p>\n<\/td>\n<td style=\"padding-left: 30px;\" width=\"95\">\n<p style=\"padding-left: 30px;\">69<\/p>\n<\/td>\n<\/tr>\n<tr style=\"padding-left: 30px;\">\n<td style=\"padding-left: 30px;\" width=\"338\">\n<p style=\"padding-left: 30px;\"><strong>DIRECTIONERS<\/strong><\/p>\n<p style=\"padding-left: 30px;\">Tamara Zainab i Andrea Guti\u00e9rrez<\/p>\n<\/td>\n<td style=\"padding-left: 30px;\" width=\"94\">\n<p style=\"padding-left: 30px;\">92a<\/p>\n<\/td>\n<td style=\"padding-left: 30px;\" width=\"95\">\n<p style=\"padding-left: 30px;\">67<\/p>\n<\/td>\n<\/tr>\n<tr style=\"padding-left: 30px;\">\n<td style=\"padding-left: 30px;\" width=\"338\">\n<p style=\"padding-left: 30px;\"><strong>\u00a0<\/strong><strong>THEGREEKTEAM<\/strong><\/p>\n<p style=\"padding-left: 30px;\"><strong>\u00a0<\/strong>Intissar Chebbaki i Jahir G\u00f3mez<\/p>\n<\/td>\n<td style=\"padding-left: 30px;\" width=\"94\">\n<p style=\"padding-left: 30px;\">194a<\/p>\n<\/td>\n<td style=\"padding-left: 30px;\" width=\"95\">\n<p style=\"padding-left: 30px;\">45<\/p>\n<\/td>\n<\/tr>\n<tr style=\"padding-left: 30px;\">\n<td style=\"padding-left: 30px;\" width=\"338\">\n<p style=\"padding-left: 30px;\"><strong>\u00a0<\/strong><strong>JOSEFOS<\/strong><\/p>\n<p style=\"padding-left: 30px;\"><strong>\u00a0<\/strong>Andrea Seminario i Aitor\u00a0 Lavado<\/p>\n<\/td>\n<td style=\"padding-left: 30px;\" width=\"94\">\n<p style=\"padding-left: 30px;\">270a<\/p>\n<\/td>\n<td style=\"padding-left: 30px;\" width=\"95\">\n<p style=\"padding-left: 30px;\">30<\/p>\n<\/td>\n<\/tr>\n<tr style=\"padding-left: 30px;\">\n<td style=\"padding-left: 30px;\" width=\"338\">\n<p style=\"padding-left: 30px;\"><strong>\u00a0<\/strong><strong>CA\u00d2TICS<\/strong><\/p>\n<p style=\"padding-left: 30px;\"><strong>\u00a0<\/strong>Nil Cuenca, Joan Mateo i Gabir Sbihi<\/p>\n<\/td>\n<td style=\"padding-left: 30px;\" width=\"94\">\n<p style=\"padding-left: 30px;\">285a<\/p>\n<\/td>\n<td style=\"padding-left: 30px;\" width=\"95\">\n<p style=\"padding-left: 30px;\">30<\/p>\n<\/td>\n<\/tr>\n<\/tbody>\n<\/table>\n","protected":false},"excerpt":{"rendered":"<p>El concurs ja ha acabat i \u00a0es podria dir que tot i que cap grup del nostre institut ha sortit victori\u00f3s, s\u00ed que \u00e9s veritat que han deixat el llist\u00f3 molt alt. Felicitats a tots els participants que espero hagin gaudit buscant nous coneixements.<\/p>\n<p>GRUP<\/p>\n<p>POSICI\u00d3<\/p>\n<p>PUNTS<\/p>\n<p>\u00a0LA TR\u00cdADE&hellip;  <a href=\"https:\/\/agora.xtec.cat\/iesacumella\/portada\/estudis\/batxillerat\/classificacio-vi-odissea\/\" title=\"Read Classificaci\u00f3 en la VI Odissea\">Llegeix m\u00e9s\u00bb<\/a><\/p>\n","protected":false},"author":1,"featured_media":0,"comment_status":"closed","ping_status":"closed","sticky":false,"template":"","format":"standard","meta":{"_bbp_topic_count":0,"_bbp_reply_count":0,"_bbp_total_topic_count":0,"_bbp_total_reply_count":0,"_bbp_voice_count":0,"_bbp_anonymous_reply_count":0,"_bbp_topic_count_hidden":0,"_bbp_reply_count_hidden":0,"_bbp_forum_subforum_count":0,"footnotes":""},"categories":[128,8,112],"tags":[],"class_list":["post-3910","post","type-post","status-publish","format-standard","hentry","category-4rt-eso","category-batxillerat","category-llengues-classiques"],"post_mailing_queue_ids":[],"_links":{"self":[{"href":"https:\/\/agora.xtec.cat\/iesacumella\/wp-json\/wp\/v2\/posts\/3910","targetHints":{"allow":["GET"]}}],"collection":[{"href":"https:\/\/agora.xtec.cat\/iesacumella\/wp-json\/wp\/v2\/posts"}],"about":[{"href":"https:\/\/agora.xtec.cat\/iesacumella\/wp-json\/wp\/v2\/types\/post"}],"author":[{"embeddable":true,"href":"https:\/\/agora.xtec.cat\/iesacumella\/wp-json\/wp\/v2\/users\/1"}],"replies":[{"embeddable":true,"href":"https:\/\/agora.xtec.cat\/iesacumella\/wp-json\/wp\/v2\/comments?post=3910"}],"version-history":[{"count":0,"href":"https:\/\/agora.xtec.cat\/iesacumella\/wp-json\/wp\/v2\/posts\/3910\/revisions"}],"wp:attachment":[{"href":"https:\/\/agora.xtec.cat\/iesacumella\/wp-json\/wp\/v2\/media?parent=3910"}],"wp:term":[{"taxonomy":"category","embeddable":true,"href":"https:\/\/agora.xtec.cat\/iesacumella\/wp-json\/wp\/v2\/categories?post=3910"},{"taxonomy":"post_tag","embeddable":true,"href":"https:\/\/agora.xtec.cat\/iesacumella\/wp-json\/wp\/v2\/tags?post=3910"}],"curies":[{"name":"wp","href":"https:\/\/api.w.org\/{rel}","templated":true}]}}