{"id":3879,"date":"2017-02-10T13:48:11","date_gmt":"2017-02-10T12:48:11","guid":{"rendered":"http:\/\/blog.iesacumella.cat\/?p=3879"},"modified":"2017-02-10T13:48:11","modified_gmt":"2017-02-10T12:48:11","slug":"presentacio-tunel-mai-mes","status":"publish","type":"post","link":"https:\/\/agora.xtec.cat\/iesacumella\/portada\/projectes\/presentacio-tunel-mai-mes\/","title":{"rendered":"El T\u00fanel de mai m\u00e9s"},"content":{"rendered":"<p><a href=\"http:\/\/agora.xtec.cat\/iesacumella\/wp-content\/uploads\/usu1642\/2017\/02\/img_3619.jpg\"><img loading=\"lazy\" decoding=\"async\" class=\"alignnone wp-image-3881 size-full\" src=\"http:\/\/agora.xtec.cat\/iesacumella\/wp-content\/uploads\/usu1642\/2017\/02\/img_3619.jpg\" alt=\"img_3619\" width=\"708\" height=\"354\" srcset=\"https:\/\/agora.xtec.cat\/iesacumella\/wp-content\/uploads\/usu1642\/2017\/02\/img_3619.jpg 708w, https:\/\/agora.xtec.cat\/iesacumella\/wp-content\/uploads\/usu1642\/2017\/02\/img_3619-300x150.jpg 300w\" sizes=\"auto, (max-width: 708px) 100vw, 708px\" \/><\/a><\/p>\n<p>Avui s&#8217;ha presentat el projecte dels alumnes de l&#8217;optativa d&#8217;escenografia &#8220;El t\u00fanel de mai m\u00e9s&#8221; dintre del projecte Coenzims de l&#8217;ajuntament de Granollers. Al seg\u00fcents enlla\u00e7os teniu les not\u00edcies relacionades.<\/p>\n<p><a href=\"http:\/\/www.aragranollers.cat\/noticia\/47772\/alumnes-de-lies-antoni-cumella-presenten-el-tunel-de-mai-mes-al-teatre-auditori?utm_source=dlvr.it&amp;utm_medium=twitter\">http:\/\/www.aragranollers.cat\/noticia\/47772\/alumnes-de-lies-antoni-cumella-presenten-el-tunel-de-mai-mes-al-teatre-auditori?utm_source=dlvr.it&amp;utm_medium=twitter<\/a><\/p>\n<p><a href=\"http:\/\/www.radiogranollers.cat\/GASL\/DetallPrograma\/_7hnsAmuDYQZhZgXYrWtEw7jvpuv593dYXNXw-w_Ai-8\">http:\/\/www.radiogranollers.cat\/GASL\/DetallPrograma\/_7hnsAmuDYQZhZgXYrWtEw7jvpuv593dYXNXw-w_Ai-8<\/a><\/p>\n<p><strong><a href=\"http:\/\/www.granollers.cat\/noticies\/sala-de-premsa\/alumnes-de-4t-deso-del-cumella-protagonistes-dun-nou-projecte-coenzims\" target=\"_blank\" data-saferedirecturl=\"https:\/\/www.google.com\/url?hl=ca&amp;q=http:\/\/www.granollers.cat\/noticies\/sala-de-premsa\/alumnes-de-4t-deso-del-cumella-protagonistes-dun-nou-projecte-coenzims&amp;source=gmail&amp;ust=1487068286589000&amp;usg=AFQjCNEvomSn6QqqAKslvl2LceVpLTVNSg\"><span style=\"color: blue; font-family: sans-serif; font-size: small;\">http:\/\/www.granollers.cat\/<wbr \/>noticies\/sala-de-premsa\/<wbr \/>alumnes-de-4t-deso-del-<wbr \/>cumella-protagonistes-dun-nou-<wbr \/>projecte-coenzims<\/span><\/a> <\/strong><\/p>\n<p><strong><span style=\"color: blue; font-family: sans-serif; font-size: small;\">http:\/\/votv.xiptv.cat\/<wbr \/>granollers\/capitol\/el-tunel-<wbr \/>del-mai-mes-la-nova-accio-del-<wbr \/>projecte-coenzims-al-tag<\/span> <\/strong><\/p>\n<p>&nbsp;<\/p>\n","protected":false},"excerpt":{"rendered":"<p><a href=\"http:\/\/agora.xtec.cat\/iesacumella\/wp-content\/uploads\/usu1642\/2017\/02\/img_3619.jpg\"><\/a><br \/>\nAvui s&#8217;ha presentat el projecte dels alumnes de l&#8217;optativa d&#8217;escenografia &#8220;El t\u00fanel de mai m\u00e9s&#8221; dintre del projecte Coenzims de l&#8217;ajuntament de Granollers. Al seg\u00fcents enlla\u00e7os teniu les not\u00edcies relacionades.<br \/>\n<a href=\"http:\/\/www.aragranollers.cat\/noticia\/47772\/alumnes-de-lies-antoni-cumella-presenten-el-tunel-de-mai-mes-al-teatre-auditori?utm_source=dlvr.it&amp;utm_medium=twitter\">http:\/\/www.aragranollers.cat\/noticia\/47772\/alumnes-de-lies-antoni-cumella-presenten-el-tunel-de-mai-mes-al-teatre-auditori?utm_source=dlvr.it&amp;utm_medium=twitter<\/a><br \/>\n<a href=\"http:\/\/www.radiogranollers.cat\/GASL\/DetallPrograma\/_7hnsAmuDYQZhZgXYrWtEw7jvpuv593dYXNXw-w_Ai-8\">http:\/\/www.radiogranollers.cat\/GASL\/DetallPrograma\/_7hnsAmuDYQZhZgXYrWtEw7jvpuv593dYXNXw-w_Ai-8<\/a><br \/>\n<a href=\"http:\/\/www.granollers.cat\/noticies\/sala-de-premsa\/alumnes-de-4t-deso-del-cumella-protagonistes-dun-nou-projecte-coenzims\" target=\"_blank\" data-saferedirecturl=\"https:\/\/www.google.com\/url?hl=ca&amp;q=http:\/\/www.granollers.cat\/noticies\/sala-de-premsa\/alumnes-de-4t-deso-del-cumella-protagonistes-dun-nou-projecte-coenzims&amp;source=gmail&amp;ust=1487068286589000&amp;usg=AFQjCNEvomSn6QqqAKslvl2LceVpLTVNSg\">http:\/\/www.granollers.cat\/noticies\/sala-de-premsa\/alumnes-de-4t-deso-del-cumella-protagonistes-dun-nou-projecte-coenzims<\/a><br \/>\nhttp:\/\/votv.xiptv.cat\/granollers\/capitol\/el-tunel-del-mai-mes-la-nova-accio-del-projecte-coenzims-al-tag<br \/>\n&nbsp;<\/p>\n","protected":false},"author":1,"featured_media":3881,"comment_status":"closed","ping_status":"closed","sticky":false,"template":"","format":"standard","meta":{"_bbp_topic_count":0,"_bbp_reply_count":0,"_bbp_total_topic_count":0,"_bbp_total_reply_count":0,"_bbp_voice_count":0,"_bbp_anonymous_reply_count":0,"_bbp_topic_count_hidden":0,"_bbp_reply_count_hidden":0,"_bbp_forum_subforum_count":0,"footnotes":""},"categories":[117],"tags":[],"class_list":["post-3879","post","type-post","status-publish","format-standard","has-post-thumbnail","hentry","category-projectes"],"post_mailing_queue_ids":[],"_links":{"self":[{"href":"https:\/\/agora.xtec.cat\/iesacumella\/wp-json\/wp\/v2\/posts\/3879","targetHints":{"allow":["GET"]}}],"collection":[{"href":"https:\/\/agora.xtec.cat\/iesacumella\/wp-json\/wp\/v2\/posts"}],"about":[{"href":"https:\/\/agora.xtec.cat\/iesacumella\/wp-json\/wp\/v2\/types\/post"}],"author":[{"embeddable":true,"href":"https:\/\/agora.xtec.cat\/iesacumella\/wp-json\/wp\/v2\/users\/1"}],"replies":[{"embeddable":true,"href":"https:\/\/agora.xtec.cat\/iesacumella\/wp-json\/wp\/v2\/comments?post=3879"}],"version-history":[{"count":0,"href":"https:\/\/agora.xtec.cat\/iesacumella\/wp-json\/wp\/v2\/posts\/3879\/revisions"}],"wp:featuredmedia":[{"embeddable":true,"href":"https:\/\/agora.xtec.cat\/iesacumella\/wp-json\/wp\/v2\/media\/3881"}],"wp:attachment":[{"href":"https:\/\/agora.xtec.cat\/iesacumella\/wp-json\/wp\/v2\/media?parent=3879"}],"wp:term":[{"taxonomy":"category","embeddable":true,"href":"https:\/\/agora.xtec.cat\/iesacumella\/wp-json\/wp\/v2\/categories?post=3879"},{"taxonomy":"post_tag","embeddable":true,"href":"https:\/\/agora.xtec.cat\/iesacumella\/wp-json\/wp\/v2\/tags?post=3879"}],"curies":[{"name":"wp","href":"https:\/\/api.w.org\/{rel}","templated":true}]}}