{"id":3858,"date":"2017-02-07T10:46:02","date_gmt":"2017-02-07T09:46:02","guid":{"rendered":"http:\/\/blog.iesacumella.cat\/?p=3858"},"modified":"2017-02-07T10:46:02","modified_gmt":"2017-02-07T09:46:02","slug":"erasmus","status":"publish","type":"post","link":"https:\/\/agora.xtec.cat\/iesacumella\/portada\/general\/erasmus\/","title":{"rendered":"ERASMUS +"},"content":{"rendered":"<p>L\u2019INS Antoni Cumella de Granollers, el centre amb m\u00e9s historia de la ciutat, ha obtingut l\u2019Erasmus+, una beca europea que permet treballar durant dos anys en un projecte d\u2019inter\u00e8s com\u00fa mitjan\u00e7ant l\u2019\u00fas de la llengua anglesa als alumnes i professors de diferents instituts del continent. <\/p>\n<p>Al projecte Erasmus+ que s\u2019hi duu a terme, hi participen vuit pa\u00efsos de la Uni\u00f3 Europea. Tots els alumnes del centre es beneficiaran de la formaci\u00f3 rebuda del projecte, malgrat que nom\u00e9s alguns podran realitzar mobilitats a l\u2019estranger i\/o rebre altres estudiants com a fam\u00edlies d\u2019acollida. Juntament amb l\u2019INS Antoni Cumella, hi participen el Liceul de Arte \u201cBalasa Doamna\u201d de Targoviste (Romania), l\u2019Abbas Sidika Calik High School (Turquia), el Rigas 31 de Vidusskola (Let\u00f2nia), la Kedainiu Profesinio Rengimo Centras (Litu\u00e0nia), l\u2019Istituto d\u2019Istruzione Superiore \u201cEnrico Fermi\u201d (It\u00e0lia), la Zespol Szkol w Pobiedziskach (Pol\u00f2nia) i l\u2019Agrupamento de Escolas de Vila Real de Santo Antonio (Portugal).<\/p>\n<p>En el marc del l\u2019aprenentatge pluriling\u00fce que caracteritza l\u2019INS Antoni Cumella (que pertany al Grup Experiemental Pluriling\u00fce), ja fa un temps que s\u2019hi imparteixen diverses mat\u00e8ries no ling\u00fc\u00edstiques en angl\u00e8s en el treball sistem\u00e0tic amb plataformes com l\u2019eTwinning o el Mystery Skype. Tamb\u00e9 cal destacar l\u2019exist\u00e8ncia de projectes interdisciplinars com el de Mirades, la celebraci\u00f3 de l\u2019English Day o la pr\u00e0ctica de les Street Lessons.<\/p>\n<p>Per als adolescents, aquesta \u00e9s una gran oportunitat per a posar en pr\u00e0ctica la llengua anglesa de manera vivencial amb alumnes i professors d\u2019arreu d\u2019Europa, i tamb\u00e9 per a con\u00e8ixer altres cultures, tant si viatgen fora com si acullen a casa seva alumnes visitants. A m\u00e9s, el projecte com\u00fa entre els vuit pa\u00efsos, \u201cThe virtual universe we want\u201d (\u201cL\u2019univers virtual que volem\u201d), gira al voltant d\u2019una de les problem\u00e0tiques que formen part de la vida quotidiana dels joves: els riscos del m\u00f3n virtual. L\u2019objectiu \u00e9s el de crear una banc de recursos per a preveure i sensibilitzar els alumnes davant dels perills a la xarxa i el fenomen del ciberassetjament. <\/p>\n<p>Enguany, ja ha tingut lloc la primera reuni\u00f3 transnacional a Portugal, que ha resultat ser una valuosa i enriquidora forma d\u2019intercanvi de metodologies i experi\u00e8ncies condensada en llargues sessions de treball per part dels docents. Al mes de febrer de 2017 (la setmana del 6 al 10), ens visitar\u00e0 el conjunt d\u2019alumnes i docents dels equips participants i promet ser tot un esdeveniment per la ciutat de Granollers. Els estudiants s&#8217;allotjaran a casa les nostres fam\u00edlies i el proper curs els nostres alumnes viatjaran a It\u00e0lia i a Litu\u00e0nia. L\u2019equip de l\u2019INS Antoni Cumella est\u00e0 treballant intensament per tal que aquells dies pugui oferir visites i activitats als seus hostes que constitueixin una petita per\u00f2 significativa mostra de la nostra cultura i del nostre pa\u00eds. <\/p>\n<figure class=\"figure wp-caption aligncenter\"><a attid=\"3856\"  href=\"http:\/\/agora.xtec.cat\/iesacumella\/wp-content\/uploads\/usu1642\/2017\/02\/Rumania.jpg\"><img loading=\"lazy\" decoding=\"async\" src=\"http:\/\/agora.xtec.cat\/iesacumella\/wp-content\/uploads\/usu1642\/2017\/02\/Rumania-300x169.jpg\" alt=\"Fam\u00edlies d&#039;acollida de Romania\" width=\"300\" height=\"169\" class=\"size-medium wp-image-3856\" srcset=\"https:\/\/agora.xtec.cat\/iesacumella\/wp-content\/uploads\/usu1642\/2017\/02\/Rumania-300x169.jpg 300w, https:\/\/agora.xtec.cat\/iesacumella\/wp-content\/uploads\/usu1642\/2017\/02\/Rumania-768x432.jpg 768w, https:\/\/agora.xtec.cat\/iesacumella\/wp-content\/uploads\/usu1642\/2017\/02\/Rumania-1024x576.jpg 1024w, https:\/\/agora.xtec.cat\/iesacumella\/wp-content\/uploads\/usu1642\/2017\/02\/Rumania.jpg 1280w\" sizes=\"auto, (max-width: 300px) 100vw, 300px\" \/><\/a><figcaption class=\"wp-caption-text\">Fam\u00edlies d&#8217;acollida de Romania<\/figcaption><\/figure>\n<figure class=\"figure wp-caption aligncenter\"><a attid=\"3857\"  href=\"http:\/\/agora.xtec.cat\/iesacumella\/wp-content\/uploads\/usu1642\/2017\/02\/turquia.jpg\"><img loading=\"lazy\" decoding=\"async\" src=\"http:\/\/agora.xtec.cat\/iesacumella\/wp-content\/uploads\/usu1642\/2017\/02\/turquia-300x169.jpg\" alt=\"Turquia i fam\u00edlies d&#039;acollida\" width=\"300\" height=\"169\" class=\"size-medium wp-image-3857\" srcset=\"https:\/\/agora.xtec.cat\/iesacumella\/wp-content\/uploads\/usu1642\/2017\/02\/turquia-300x169.jpg 300w, https:\/\/agora.xtec.cat\/iesacumella\/wp-content\/uploads\/usu1642\/2017\/02\/turquia-768x432.jpg 768w, https:\/\/agora.xtec.cat\/iesacumella\/wp-content\/uploads\/usu1642\/2017\/02\/turquia-1024x576.jpg 1024w, https:\/\/agora.xtec.cat\/iesacumella\/wp-content\/uploads\/usu1642\/2017\/02\/turquia.jpg 1280w\" sizes=\"auto, (max-width: 300px) 100vw, 300px\" \/><\/a><figcaption class=\"wp-caption-text\">Turquia i fam\u00edlies d&#8217;acollida<\/figcaption><\/figure>\n<figure class=\"figure wp-caption aligncenter\"><a attid=\"3855\"  href=\"http:\/\/agora.xtec.cat\/iesacumella\/wp-content\/uploads\/usu1642\/2017\/02\/portugal.jpg\"><img loading=\"lazy\" decoding=\"async\" src=\"http:\/\/agora.xtec.cat\/iesacumella\/wp-content\/uploads\/usu1642\/2017\/02\/portugal-300x169.jpg\" alt=\"Portugal i fam\u00edlies d&#039;acollida\" width=\"300\" height=\"169\" class=\"size-medium wp-image-3855\" srcset=\"https:\/\/agora.xtec.cat\/iesacumella\/wp-content\/uploads\/usu1642\/2017\/02\/portugal-300x169.jpg 300w, https:\/\/agora.xtec.cat\/iesacumella\/wp-content\/uploads\/usu1642\/2017\/02\/portugal-768x432.jpg 768w, https:\/\/agora.xtec.cat\/iesacumella\/wp-content\/uploads\/usu1642\/2017\/02\/portugal-1024x576.jpg 1024w, https:\/\/agora.xtec.cat\/iesacumella\/wp-content\/uploads\/usu1642\/2017\/02\/portugal.jpg 1280w\" sizes=\"auto, (max-width: 300px) 100vw, 300px\" \/><\/a><figcaption class=\"wp-caption-text\">Portugal i fam\u00edlies d&#8217;acollida<\/figcaption><\/figure>\n<figure class=\"figure wp-caption aligncenter\"><a attid=\"3854\"  href=\"http:\/\/agora.xtec.cat\/iesacumella\/wp-content\/uploads\/usu1642\/2017\/02\/polonia.jpg\"><img loading=\"lazy\" decoding=\"async\" src=\"http:\/\/agora.xtec.cat\/iesacumella\/wp-content\/uploads\/usu1642\/2017\/02\/polonia-300x169.jpg\" alt=\"Pol\u00f2nia i fam\u00edlies d&#039;acollida\" width=\"300\" height=\"169\" class=\"size-medium wp-image-3854\" srcset=\"https:\/\/agora.xtec.cat\/iesacumella\/wp-content\/uploads\/usu1642\/2017\/02\/polonia-300x169.jpg 300w, https:\/\/agora.xtec.cat\/iesacumella\/wp-content\/uploads\/usu1642\/2017\/02\/polonia-768x432.jpg 768w, https:\/\/agora.xtec.cat\/iesacumella\/wp-content\/uploads\/usu1642\/2017\/02\/polonia-1024x576.jpg 1024w, https:\/\/agora.xtec.cat\/iesacumella\/wp-content\/uploads\/usu1642\/2017\/02\/polonia.jpg 1280w\" sizes=\"auto, (max-width: 300px) 100vw, 300px\" \/><\/a><figcaption class=\"wp-caption-text\">Pol\u00f2nia i fam\u00edlies d&#8217;acollida<\/figcaption><\/figure>\n<figure class=\"figure wp-caption aligncenter\"><a attid=\"3853\"  href=\"http:\/\/agora.xtec.cat\/iesacumella\/wp-content\/uploads\/usu1642\/2017\/02\/lituania.jpg\"><img loading=\"lazy\" decoding=\"async\" src=\"http:\/\/agora.xtec.cat\/iesacumella\/wp-content\/uploads\/usu1642\/2017\/02\/lituania-300x169.jpg\" alt=\"Litu\u00e0nia i fam\u00edlies d&#039;acollida\" width=\"300\" height=\"169\" class=\"size-medium wp-image-3853\" srcset=\"https:\/\/agora.xtec.cat\/iesacumella\/wp-content\/uploads\/usu1642\/2017\/02\/lituania-300x169.jpg 300w, https:\/\/agora.xtec.cat\/iesacumella\/wp-content\/uploads\/usu1642\/2017\/02\/lituania-768x432.jpg 768w, https:\/\/agora.xtec.cat\/iesacumella\/wp-content\/uploads\/usu1642\/2017\/02\/lituania-1024x576.jpg 1024w, https:\/\/agora.xtec.cat\/iesacumella\/wp-content\/uploads\/usu1642\/2017\/02\/lituania.jpg 1280w\" sizes=\"auto, (max-width: 300px) 100vw, 300px\" \/><\/a><figcaption class=\"wp-caption-text\">Lituania i fam\u00edlies d&#8217;acollida<\/figcaption><\/figure>\n<figure class=\"figure wp-caption aligncenter\"><a attid=\"3852\"  href=\"http:\/\/agora.xtec.cat\/iesacumella\/wp-content\/uploads\/usu1642\/2017\/02\/letonia.jpg\"><img loading=\"lazy\" decoding=\"async\" src=\"http:\/\/agora.xtec.cat\/iesacumella\/wp-content\/uploads\/usu1642\/2017\/02\/letonia-300x169.jpg\" alt=\"Let\u00f2nia i fam\u00edlies d&#039;acollida\" width=\"300\" height=\"169\" class=\"size-medium wp-image-3852\" srcset=\"https:\/\/agora.xtec.cat\/iesacumella\/wp-content\/uploads\/usu1642\/2017\/02\/letonia-300x169.jpg 300w, https:\/\/agora.xtec.cat\/iesacumella\/wp-content\/uploads\/usu1642\/2017\/02\/letonia-768x432.jpg 768w, https:\/\/agora.xtec.cat\/iesacumella\/wp-content\/uploads\/usu1642\/2017\/02\/letonia-1024x576.jpg 1024w, https:\/\/agora.xtec.cat\/iesacumella\/wp-content\/uploads\/usu1642\/2017\/02\/letonia.jpg 1280w\" sizes=\"auto, (max-width: 300px) 100vw, 300px\" \/><\/a><figcaption class=\"wp-caption-text\">Let\u00f2nia i fam\u00edlies d&#8217;acollida<\/figcaption><\/figure>\n<figure class=\"figure wp-caption aligncenter\"><a attid=\"3851\"  href=\"http:\/\/agora.xtec.cat\/iesacumella\/wp-content\/uploads\/usu1642\/2017\/02\/Italia.jpg\"><img loading=\"lazy\" decoding=\"async\" src=\"http:\/\/agora.xtec.cat\/iesacumella\/wp-content\/uploads\/usu1642\/2017\/02\/Italia-300x169.jpg\" alt=\"It\u00e0lia i fam\u00edlies d&#039;acollida\" width=\"300\" height=\"169\" class=\"size-medium wp-image-3851\" srcset=\"https:\/\/agora.xtec.cat\/iesacumella\/wp-content\/uploads\/usu1642\/2017\/02\/Italia-300x169.jpg 300w, https:\/\/agora.xtec.cat\/iesacumella\/wp-content\/uploads\/usu1642\/2017\/02\/Italia-768x432.jpg 768w, https:\/\/agora.xtec.cat\/iesacumella\/wp-content\/uploads\/usu1642\/2017\/02\/Italia-1024x576.jpg 1024w, https:\/\/agora.xtec.cat\/iesacumella\/wp-content\/uploads\/usu1642\/2017\/02\/Italia.jpg 1280w\" sizes=\"auto, (max-width: 300px) 100vw, 300px\" \/><\/a><figcaption class=\"wp-caption-text\">It\u00e0lia i fam\u00edlies d&#8217;acollida<\/figcaption><\/figure>\n","protected":false},"excerpt":{"rendered":"<p>L\u2019INS Antoni Cumella de Granollers, el centre amb m\u00e9s historia de la ciutat, ha obtingut l\u2019Erasmus+, una beca europea que permet treballar durant dos anys en un projecte d\u2019inter\u00e8s com\u00fa mitjan\u00e7ant l\u2019\u00fas de la llengua anglesa als alumnes i professors de diferents instituts del continent.&hellip;  <a href=\"https:\/\/agora.xtec.cat\/iesacumella\/portada\/general\/erasmus\/\" title=\"Read ERASMUS +\">Llegeix m\u00e9s\u00bb<\/a><\/p>\n","protected":false},"author":1,"featured_media":0,"comment_status":"closed","ping_status":"closed","sticky":false,"template":"","format":"standard","meta":{"_bbp_topic_count":0,"_bbp_reply_count":0,"_bbp_total_topic_count":0,"_bbp_total_reply_count":0,"_bbp_voice_count":0,"_bbp_anonymous_reply_count":0,"_bbp_topic_count_hidden":0,"_bbp_reply_count_hidden":0,"_bbp_forum_subforum_count":0,"footnotes":""},"categories":[1],"tags":[],"class_list":["post-3858","post","type-post","status-publish","format-standard","hentry","category-general"],"post_mailing_queue_ids":[],"_links":{"self":[{"href":"https:\/\/agora.xtec.cat\/iesacumella\/wp-json\/wp\/v2\/posts\/3858","targetHints":{"allow":["GET"]}}],"collection":[{"href":"https:\/\/agora.xtec.cat\/iesacumella\/wp-json\/wp\/v2\/posts"}],"about":[{"href":"https:\/\/agora.xtec.cat\/iesacumella\/wp-json\/wp\/v2\/types\/post"}],"author":[{"embeddable":true,"href":"https:\/\/agora.xtec.cat\/iesacumella\/wp-json\/wp\/v2\/users\/1"}],"replies":[{"embeddable":true,"href":"https:\/\/agora.xtec.cat\/iesacumella\/wp-json\/wp\/v2\/comments?post=3858"}],"version-history":[{"count":0,"href":"https:\/\/agora.xtec.cat\/iesacumella\/wp-json\/wp\/v2\/posts\/3858\/revisions"}],"wp:attachment":[{"href":"https:\/\/agora.xtec.cat\/iesacumella\/wp-json\/wp\/v2\/media?parent=3858"}],"wp:term":[{"taxonomy":"category","embeddable":true,"href":"https:\/\/agora.xtec.cat\/iesacumella\/wp-json\/wp\/v2\/categories?post=3858"},{"taxonomy":"post_tag","embeddable":true,"href":"https:\/\/agora.xtec.cat\/iesacumella\/wp-json\/wp\/v2\/tags?post=3858"}],"curies":[{"name":"wp","href":"https:\/\/api.w.org\/{rel}","templated":true}]}}