{"id":3638,"date":"2016-11-16T17:53:21","date_gmt":"2016-11-16T16:53:21","guid":{"rendered":"http:\/\/blog.iesacumella.cat\/?p=3638"},"modified":"2016-11-16T17:53:21","modified_gmt":"2016-11-16T16:53:21","slug":"exploracio-fotografica-voltant-cumella","status":"publish","type":"post","link":"https:\/\/agora.xtec.cat\/iesacumella\/portada\/departaments\/visual-i-plastica\/exploracio-fotografica-voltant-cumella\/","title":{"rendered":"Exploraci\u00f3 fotogr\u00e0fica al voltant del Cumella"},"content":{"rendered":"<p>Les classes de 3r B, C i D estem fent un projecte fotogr\u00e0fic anomenat &#8216;Espais Buits&#8217;. La idea ens va arribar a trav\u00e9s de l&#8217;associaci\u00f3 A Bao A Qu, que des del seu web <a href=\"http:\/\/fotografiaencurs.org\/\" target=\"_blank\" data-saferedirecturl=\"https:\/\/www.google.com\/url?hl=en&amp;q=http:\/\/fotografiaencurs.org&amp;source=gmail&amp;ust=1479400579057000&amp;usg=AFQjCNE4_nXQQvNBJw7vakpgsB1wM6VX1Q\">fotografiaencurs.org<\/a> comparteixen el seu fons fotogr\u00e0fic i proposen diversos projectes per apropar la fotografia als joves.<\/p>\n<p>Aquestes fotos s\u00f3n el &#8216;Making of&#8217; de la primera sortida fotogr\u00e0fica: Durant l&#8217;hora de classe ens vam dividir en grups i vam buscar espais buits per grups al voltant de l&#8217;institut, ajudats pels nostres &#8216;visors&#8217; per enquadrar la composici\u00f3.<\/p>\n<p>Al final del proc\u00e9s, amb les fotos seleccionades farem una petita exposici\u00f3 per mostrar-vos el resultat del nostre projecte!<\/p>\n\n\t\t<style type=\"text\/css\">\n\t\t\t#gallery-1 {\n\t\t\t\tmargin: auto;\n\t\t\t}\n\t\t\t#gallery-1 .gallery-item {\n\t\t\t\tfloat: left;\n\t\t\t\tmargin-top: 10px;\n\t\t\t\ttext-align: center;\n\t\t\t\twidth: 50%;\n\t\t\t}\n\t\t\t#gallery-1 img {\n\t\t\t\tborder: 2px solid #cfcfcf;\n\t\t\t}\n\t\t\t#gallery-1 .gallery-caption {\n\t\t\t\tmargin-left: 0;\n\t\t\t}\n\t\t\t\/* see gallery_shortcode() in wp-includes\/media.php *\/\n\t\t<\/style>\n\t\t<div id='gallery-1' class='gallery galleryid-3638 gallery-columns-2 gallery-size-medium'><dl class='gallery-item'>\n\t\t\t<dt class='gallery-icon landscape'>\n\t\t\t\t<a href='https:\/\/agora.xtec.cat\/iesacumella\/wp-content\/uploads\/usu1642\/2016\/11\/C\u00f2pia-de-20161028_131707.jpg'><img loading=\"lazy\" decoding=\"async\" width=\"300\" height=\"225\" src=\"https:\/\/agora.xtec.cat\/iesacumella\/wp-content\/uploads\/usu1642\/2016\/11\/C\u00f2pia-de-20161028_131707-300x225.jpg\" class=\"attachment-medium size-medium\" alt=\"\" srcset=\"https:\/\/agora.xtec.cat\/iesacumella\/wp-content\/uploads\/usu1642\/2016\/11\/C\u00f2pia-de-20161028_131707-300x225.jpg 300w, https:\/\/agora.xtec.cat\/iesacumella\/wp-content\/uploads\/usu1642\/2016\/11\/C\u00f2pia-de-20161028_131707-768x576.jpg 768w, https:\/\/agora.xtec.cat\/iesacumella\/wp-content\/uploads\/usu1642\/2016\/11\/C\u00f2pia-de-20161028_131707-1024x768.jpg 1024w, https:\/\/agora.xtec.cat\/iesacumella\/wp-content\/uploads\/usu1642\/2016\/11\/C\u00f2pia-de-20161028_131707-200x150.jpg 200w\" sizes=\"auto, (max-width: 300px) 100vw, 300px\" \/><\/a>\n\t\t\t<\/dt><\/dl><dl class='gallery-item'>\n\t\t\t<dt class='gallery-icon landscape'>\n\t\t\t\t<a href='https:\/\/agora.xtec.cat\/iesacumella\/wp-content\/uploads\/usu1642\/2016\/11\/C\u00f2pia-de-20161028_125228.jpg'><img loading=\"lazy\" decoding=\"async\" width=\"300\" height=\"225\" src=\"https:\/\/agora.xtec.cat\/iesacumella\/wp-content\/uploads\/usu1642\/2016\/11\/C\u00f2pia-de-20161028_125228-300x225.jpg\" class=\"attachment-medium size-medium\" alt=\"\" srcset=\"https:\/\/agora.xtec.cat\/iesacumella\/wp-content\/uploads\/usu1642\/2016\/11\/C\u00f2pia-de-20161028_125228-300x225.jpg 300w, https:\/\/agora.xtec.cat\/iesacumella\/wp-content\/uploads\/usu1642\/2016\/11\/C\u00f2pia-de-20161028_125228-768x576.jpg 768w, https:\/\/agora.xtec.cat\/iesacumella\/wp-content\/uploads\/usu1642\/2016\/11\/C\u00f2pia-de-20161028_125228-1024x768.jpg 1024w, https:\/\/agora.xtec.cat\/iesacumella\/wp-content\/uploads\/usu1642\/2016\/11\/C\u00f2pia-de-20161028_125228-200x150.jpg 200w\" sizes=\"auto, (max-width: 300px) 100vw, 300px\" \/><\/a>\n\t\t\t<\/dt><\/dl><br style=\"clear: both\" \/><dl class='gallery-item'>\n\t\t\t<dt class='gallery-icon landscape'>\n\t\t\t\t<a href='https:\/\/agora.xtec.cat\/iesacumella\/wp-content\/uploads\/usu1642\/2016\/11\/C\u00f2pia-de-20161028_104142.jpg'><img loading=\"lazy\" decoding=\"async\" width=\"300\" height=\"225\" src=\"https:\/\/agora.xtec.cat\/iesacumella\/wp-content\/uploads\/usu1642\/2016\/11\/C\u00f2pia-de-20161028_104142-300x225.jpg\" class=\"attachment-medium size-medium\" alt=\"\" srcset=\"https:\/\/agora.xtec.cat\/iesacumella\/wp-content\/uploads\/usu1642\/2016\/11\/C\u00f2pia-de-20161028_104142-300x225.jpg 300w, https:\/\/agora.xtec.cat\/iesacumella\/wp-content\/uploads\/usu1642\/2016\/11\/C\u00f2pia-de-20161028_104142-768x576.jpg 768w, https:\/\/agora.xtec.cat\/iesacumella\/wp-content\/uploads\/usu1642\/2016\/11\/C\u00f2pia-de-20161028_104142-1024x768.jpg 1024w, https:\/\/agora.xtec.cat\/iesacumella\/wp-content\/uploads\/usu1642\/2016\/11\/C\u00f2pia-de-20161028_104142-200x150.jpg 200w\" sizes=\"auto, (max-width: 300px) 100vw, 300px\" \/><\/a>\n\t\t\t<\/dt><\/dl><dl class='gallery-item'>\n\t\t\t<dt class='gallery-icon landscape'>\n\t\t\t\t<a href='https:\/\/agora.xtec.cat\/iesacumella\/wp-content\/uploads\/usu1642\/2016\/11\/C\u00f2pia-de-20161028_101902.jpg'><img loading=\"lazy\" decoding=\"async\" width=\"300\" height=\"225\" src=\"https:\/\/agora.xtec.cat\/iesacumella\/wp-content\/uploads\/usu1642\/2016\/11\/C\u00f2pia-de-20161028_101902-300x225.jpg\" class=\"attachment-medium size-medium\" alt=\"\" srcset=\"https:\/\/agora.xtec.cat\/iesacumella\/wp-content\/uploads\/usu1642\/2016\/11\/C\u00f2pia-de-20161028_101902-300x225.jpg 300w, https:\/\/agora.xtec.cat\/iesacumella\/wp-content\/uploads\/usu1642\/2016\/11\/C\u00f2pia-de-20161028_101902-768x576.jpg 768w, https:\/\/agora.xtec.cat\/iesacumella\/wp-content\/uploads\/usu1642\/2016\/11\/C\u00f2pia-de-20161028_101902-1024x768.jpg 1024w, https:\/\/agora.xtec.cat\/iesacumella\/wp-content\/uploads\/usu1642\/2016\/11\/C\u00f2pia-de-20161028_101902-200x150.jpg 200w\" sizes=\"auto, (max-width: 300px) 100vw, 300px\" \/><\/a>\n\t\t\t<\/dt><\/dl><br style=\"clear: both\" \/><dl class='gallery-item'>\n\t\t\t<dt class='gallery-icon landscape'>\n\t\t\t\t<a href='https:\/\/agora.xtec.cat\/iesacumella\/wp-content\/uploads\/usu1642\/2016\/11\/C\u00f2pia-de-20161028_101811.jpg'><img loading=\"lazy\" decoding=\"async\" width=\"300\" height=\"225\" src=\"https:\/\/agora.xtec.cat\/iesacumella\/wp-content\/uploads\/usu1642\/2016\/11\/C\u00f2pia-de-20161028_101811-300x225.jpg\" class=\"attachment-medium size-medium\" alt=\"\" srcset=\"https:\/\/agora.xtec.cat\/iesacumella\/wp-content\/uploads\/usu1642\/2016\/11\/C\u00f2pia-de-20161028_101811-300x225.jpg 300w, https:\/\/agora.xtec.cat\/iesacumella\/wp-content\/uploads\/usu1642\/2016\/11\/C\u00f2pia-de-20161028_101811-768x576.jpg 768w, https:\/\/agora.xtec.cat\/iesacumella\/wp-content\/uploads\/usu1642\/2016\/11\/C\u00f2pia-de-20161028_101811-1024x768.jpg 1024w, https:\/\/agora.xtec.cat\/iesacumella\/wp-content\/uploads\/usu1642\/2016\/11\/C\u00f2pia-de-20161028_101811-200x150.jpg 200w\" sizes=\"auto, (max-width: 300px) 100vw, 300px\" \/><\/a>\n\t\t\t<\/dt><\/dl><dl class='gallery-item'>\n\t\t\t<dt class='gallery-icon landscape'>\n\t\t\t\t<a href='https:\/\/agora.xtec.cat\/iesacumella\/wp-content\/uploads\/usu1642\/2016\/11\/C\u00f2pia-de-20161028_094027.jpg'><img loading=\"lazy\" decoding=\"async\" width=\"300\" height=\"225\" src=\"https:\/\/agora.xtec.cat\/iesacumella\/wp-content\/uploads\/usu1642\/2016\/11\/C\u00f2pia-de-20161028_094027-300x225.jpg\" class=\"attachment-medium size-medium\" alt=\"\" srcset=\"https:\/\/agora.xtec.cat\/iesacumella\/wp-content\/uploads\/usu1642\/2016\/11\/C\u00f2pia-de-20161028_094027-300x225.jpg 300w, https:\/\/agora.xtec.cat\/iesacumella\/wp-content\/uploads\/usu1642\/2016\/11\/C\u00f2pia-de-20161028_094027-768x576.jpg 768w, https:\/\/agora.xtec.cat\/iesacumella\/wp-content\/uploads\/usu1642\/2016\/11\/C\u00f2pia-de-20161028_094027-1024x768.jpg 1024w, https:\/\/agora.xtec.cat\/iesacumella\/wp-content\/uploads\/usu1642\/2016\/11\/C\u00f2pia-de-20161028_094027-200x150.jpg 200w\" sizes=\"auto, (max-width: 300px) 100vw, 300px\" \/><\/a>\n\t\t\t<\/dt><\/dl><br style=\"clear: both\" \/>\n\t\t<\/div>\n\n<p>&nbsp;<\/p>\n","protected":false},"excerpt":{"rendered":"<p>Les classes de 3r B, C i D estem fent un projecte fotogr\u00e0fic anomenat &#8216;Espais Buits&#8217;. La idea ens va arribar a trav\u00e9s de l&#8217;associaci\u00f3 A Bao A Qu, que des del seu web <a href=\"http:\/\/fotografiaencurs.org\/\" target=\"_blank\" data-saferedirecturl=\"https:\/\/www.google.com\/url?hl=en&amp;q=http:\/\/fotografiaencurs.org&amp;source=gmail&amp;ust=1479400579057000&amp;usg=AFQjCNE4_nXQQvNBJw7vakpgsB1wM6VX1Q\">fotografiaencurs.org<\/a> comparteixen el seu fons fotogr\u00e0fic i proposen&hellip;  <a href=\"https:\/\/agora.xtec.cat\/iesacumella\/portada\/departaments\/visual-i-plastica\/exploracio-fotografica-voltant-cumella\/\" title=\"Read Exploraci\u00f3 fotogr\u00e0fica al voltant del Cumella\">Llegeix m\u00e9s\u00bb<\/a><\/p>\n","protected":false},"author":1,"featured_media":3645,"comment_status":"closed","ping_status":"closed","sticky":false,"template":"","format":"standard","meta":{"_bbp_topic_count":0,"_bbp_reply_count":0,"_bbp_total_topic_count":0,"_bbp_total_reply_count":0,"_bbp_voice_count":0,"_bbp_anonymous_reply_count":0,"_bbp_topic_count_hidden":0,"_bbp_reply_count_hidden":0,"_bbp_forum_subforum_count":0,"footnotes":""},"categories":[127,124],"tags":[],"class_list":["post-3638","post","type-post","status-publish","format-standard","has-post-thumbnail","hentry","category-3r-eso","category-visual-i-plastica"],"post_mailing_queue_ids":[],"_links":{"self":[{"href":"https:\/\/agora.xtec.cat\/iesacumella\/wp-json\/wp\/v2\/posts\/3638","targetHints":{"allow":["GET"]}}],"collection":[{"href":"https:\/\/agora.xtec.cat\/iesacumella\/wp-json\/wp\/v2\/posts"}],"about":[{"href":"https:\/\/agora.xtec.cat\/iesacumella\/wp-json\/wp\/v2\/types\/post"}],"author":[{"embeddable":true,"href":"https:\/\/agora.xtec.cat\/iesacumella\/wp-json\/wp\/v2\/users\/1"}],"replies":[{"embeddable":true,"href":"https:\/\/agora.xtec.cat\/iesacumella\/wp-json\/wp\/v2\/comments?post=3638"}],"version-history":[{"count":0,"href":"https:\/\/agora.xtec.cat\/iesacumella\/wp-json\/wp\/v2\/posts\/3638\/revisions"}],"wp:featuredmedia":[{"embeddable":true,"href":"https:\/\/agora.xtec.cat\/iesacumella\/wp-json\/wp\/v2\/media\/3645"}],"wp:attachment":[{"href":"https:\/\/agora.xtec.cat\/iesacumella\/wp-json\/wp\/v2\/media?parent=3638"}],"wp:term":[{"taxonomy":"category","embeddable":true,"href":"https:\/\/agora.xtec.cat\/iesacumella\/wp-json\/wp\/v2\/categories?post=3638"},{"taxonomy":"post_tag","embeddable":true,"href":"https:\/\/agora.xtec.cat\/iesacumella\/wp-json\/wp\/v2\/tags?post=3638"}],"curies":[{"name":"wp","href":"https:\/\/api.w.org\/{rel}","templated":true}]}}