{"id":3554,"date":"2016-11-06T11:12:20","date_gmt":"2016-11-06T10:12:20","guid":{"rendered":"http:\/\/blog.iesacumella.cat\/?p=3554"},"modified":"2016-11-06T11:12:20","modified_gmt":"2016-11-06T10:12:20","slug":"observacio-lluna-linstitut","status":"publish","type":"post","link":"https:\/\/agora.xtec.cat\/iesacumella\/portada\/general\/observacio-lluna-linstitut\/","title":{"rendered":"Observaci\u00f3 de la lluna a l&#8217;institut"},"content":{"rendered":"<p>Us informem que el proper<span style=\"font-family: arial, helvetica, sans-serif;\">\u00a0divendres <b>11 de novembre a les 20.15 hores\u00a0<\/b>celebrarem la\u00a0<b><span lang=\"CA\">Tercera Jornada Astron\u00f2mica a c\u00e0rrec de <i>l\u2019Associaci\u00f3 Cultural Amics de la Ci\u00e8ncia per o<\/i><\/span><\/b><span lang=\"CA\"><b>bservar la <span class=\"il\">Lluna<\/span> a trav\u00e9s del telescopi amb videoprojecci\u00f3 d\u2019imatges en directe <\/b>al pati del centre<b>.<\/b><\/span><\/span><\/p>\n<div><span lang=\"CA\"><span style=\"font-family: arial, helvetica, sans-serif;\">Aquesta activitat est\u00e0 dirigida a tots els alumnes d&#8217;ESO i batxillerat i les seves fam\u00edlies aix\u00ed com als professors interessats del centre.<\/span><\/span><\/div>\n<div><\/div>\n<p><\/b><\/span><\/span><\/p>\n<div>ANIMEU-VOS!!<\/div>\n<p><\/b><\/span><\/span><\/p>\n<div><\/div>\n<div><\/div>\n<p><a href=\"http:\/\/agora.xtec.cat\/iesacumella\/wp-content\/uploads\/usu1642\/2016\/11\/LLUNA-page-001.jpg\"><img loading=\"lazy\" decoding=\"async\" class=\"wp-image-3562 aligncenter\" src=\"http:\/\/agora.xtec.cat\/iesacumella\/wp-content\/uploads\/usu1642\/2016\/11\/LLUNA-page-001-300x169.jpg\" alt=\"lluna-page-001\" width=\"415\" height=\"234\" srcset=\"https:\/\/agora.xtec.cat\/iesacumella\/wp-content\/uploads\/usu1642\/2016\/11\/LLUNA-page-001-300x169.jpg 300w, https:\/\/agora.xtec.cat\/iesacumella\/wp-content\/uploads\/usu1642\/2016\/11\/LLUNA-page-001-768x432.jpg 768w, https:\/\/agora.xtec.cat\/iesacumella\/wp-content\/uploads\/usu1642\/2016\/11\/LLUNA-page-001-1024x576.jpg 1024w, https:\/\/agora.xtec.cat\/iesacumella\/wp-content\/uploads\/usu1642\/2016\/11\/LLUNA-page-001.jpg 2000w\" sizes=\"auto, (max-width: 415px) 100vw, 415px\" \/><\/a><\/p>\n","protected":false},"excerpt":{"rendered":"<p>Us informem que el proper\u00a0divendres 11 de novembre a les 20.15 hores\u00a0celebrarem la\u00a0Tercera Jornada Astron\u00f2mica a c\u00e0rrec de l\u2019Associaci\u00f3 Cultural Amics de la Ci\u00e8ncia per observar la Lluna a trav\u00e9s del telescopi amb videoprojecci\u00f3 d\u2019imatges en directe al pati del centre.<br \/>\nAquesta activitat est\u00e0 dirigida a&hellip;  <a href=\"https:\/\/agora.xtec.cat\/iesacumella\/portada\/general\/observacio-lluna-linstitut\/\" title=\"Read Observaci\u00f3 de la lluna a l&#8217;institut\">Llegeix m\u00e9s\u00bb<\/a><\/p>\n","protected":false},"author":1,"featured_media":3562,"comment_status":"closed","ping_status":"closed","sticky":false,"template":"","format":"standard","meta":{"_bbp_topic_count":0,"_bbp_reply_count":0,"_bbp_total_topic_count":0,"_bbp_total_reply_count":0,"_bbp_voice_count":0,"_bbp_anonymous_reply_count":0,"_bbp_topic_count_hidden":0,"_bbp_reply_count_hidden":0,"_bbp_forum_subforum_count":0,"footnotes":""},"categories":[1],"tags":[],"class_list":["post-3554","post","type-post","status-publish","format-standard","has-post-thumbnail","hentry","category-general"],"post_mailing_queue_ids":[],"_links":{"self":[{"href":"https:\/\/agora.xtec.cat\/iesacumella\/wp-json\/wp\/v2\/posts\/3554","targetHints":{"allow":["GET"]}}],"collection":[{"href":"https:\/\/agora.xtec.cat\/iesacumella\/wp-json\/wp\/v2\/posts"}],"about":[{"href":"https:\/\/agora.xtec.cat\/iesacumella\/wp-json\/wp\/v2\/types\/post"}],"author":[{"embeddable":true,"href":"https:\/\/agora.xtec.cat\/iesacumella\/wp-json\/wp\/v2\/users\/1"}],"replies":[{"embeddable":true,"href":"https:\/\/agora.xtec.cat\/iesacumella\/wp-json\/wp\/v2\/comments?post=3554"}],"version-history":[{"count":0,"href":"https:\/\/agora.xtec.cat\/iesacumella\/wp-json\/wp\/v2\/posts\/3554\/revisions"}],"wp:featuredmedia":[{"embeddable":true,"href":"https:\/\/agora.xtec.cat\/iesacumella\/wp-json\/wp\/v2\/media\/3562"}],"wp:attachment":[{"href":"https:\/\/agora.xtec.cat\/iesacumella\/wp-json\/wp\/v2\/media?parent=3554"}],"wp:term":[{"taxonomy":"category","embeddable":true,"href":"https:\/\/agora.xtec.cat\/iesacumella\/wp-json\/wp\/v2\/categories?post=3554"},{"taxonomy":"post_tag","embeddable":true,"href":"https:\/\/agora.xtec.cat\/iesacumella\/wp-json\/wp\/v2\/tags?post=3554"}],"curies":[{"name":"wp","href":"https:\/\/api.w.org\/{rel}","templated":true}]}}