{"id":3508,"date":"2016-10-23T10:49:19","date_gmt":"2016-10-23T09:49:19","guid":{"rendered":"http:\/\/blog.iesacumella.cat\/?p=3508"},"modified":"2016-10-23T10:49:19","modified_gmt":"2016-10-23T09:49:19","slug":"lins-antoni-cumella-rep-beca-erasmus","status":"publish","type":"post","link":"https:\/\/agora.xtec.cat\/iesacumella\/portada\/general\/lins-antoni-cumella-rep-beca-erasmus\/","title":{"rendered":"L&#8217;INS Antoni Cumella rep la beca Erasmus +"},"content":{"rendered":"<p>A l\u2019INS Antoni Cumella ens felicitem perqu\u00e8 aquest any ens ha estat concedida la beca Erasmus+.<\/p>\n<p>Aquesta beca permet als alumnes i professors de diferents centres d\u2019Europa treballar en un projecte d\u2019inter\u00e8s com\u00fa mitjan\u00e7ant l\u2019\u00fas de la llengua anglesa. La nostra beca t\u00e9 una durada de dos anys i hi participem 8 pa\u00efsos de la Uni\u00f3 Europea.<span class=\"m_-881644173499366705gmail-apple-converted-space\">\u00a0<\/span><\/p>\n","protected":false},"excerpt":{"rendered":"<p>A l\u2019INS Antoni Cumella ens felicitem perqu\u00e8 aquest any ens ha estat concedida la beca Erasmus+.<br \/>\nAquesta beca permet als alumnes i professors de diferents centres d\u2019Europa treballar en un projecte d\u2019inter\u00e8s com\u00fa mitjan\u00e7ant l\u2019\u00fas de la llengua anglesa. La nostra beca t\u00e9 una durada de&hellip;  <a href=\"https:\/\/agora.xtec.cat\/iesacumella\/portada\/general\/lins-antoni-cumella-rep-beca-erasmus\/\" title=\"Read L&#8217;INS Antoni Cumella rep la beca Erasmus +\">Llegeix m\u00e9s\u00bb<\/a><\/p>\n","protected":false},"author":1,"featured_media":3510,"comment_status":"closed","ping_status":"closed","sticky":false,"template":"","format":"standard","meta":{"_bbp_topic_count":0,"_bbp_reply_count":0,"_bbp_total_topic_count":0,"_bbp_total_reply_count":0,"_bbp_voice_count":0,"_bbp_anonymous_reply_count":0,"_bbp_topic_count_hidden":0,"_bbp_reply_count_hidden":0,"_bbp_forum_subforum_count":0,"footnotes":""},"categories":[1],"tags":[],"class_list":["post-3508","post","type-post","status-publish","format-standard","has-post-thumbnail","hentry","category-general"],"post_mailing_queue_ids":[],"_links":{"self":[{"href":"https:\/\/agora.xtec.cat\/iesacumella\/wp-json\/wp\/v2\/posts\/3508","targetHints":{"allow":["GET"]}}],"collection":[{"href":"https:\/\/agora.xtec.cat\/iesacumella\/wp-json\/wp\/v2\/posts"}],"about":[{"href":"https:\/\/agora.xtec.cat\/iesacumella\/wp-json\/wp\/v2\/types\/post"}],"author":[{"embeddable":true,"href":"https:\/\/agora.xtec.cat\/iesacumella\/wp-json\/wp\/v2\/users\/1"}],"replies":[{"embeddable":true,"href":"https:\/\/agora.xtec.cat\/iesacumella\/wp-json\/wp\/v2\/comments?post=3508"}],"version-history":[{"count":0,"href":"https:\/\/agora.xtec.cat\/iesacumella\/wp-json\/wp\/v2\/posts\/3508\/revisions"}],"wp:featuredmedia":[{"embeddable":true,"href":"https:\/\/agora.xtec.cat\/iesacumella\/wp-json\/wp\/v2\/media\/3510"}],"wp:attachment":[{"href":"https:\/\/agora.xtec.cat\/iesacumella\/wp-json\/wp\/v2\/media?parent=3508"}],"wp:term":[{"taxonomy":"category","embeddable":true,"href":"https:\/\/agora.xtec.cat\/iesacumella\/wp-json\/wp\/v2\/categories?post=3508"},{"taxonomy":"post_tag","embeddable":true,"href":"https:\/\/agora.xtec.cat\/iesacumella\/wp-json\/wp\/v2\/tags?post=3508"}],"curies":[{"name":"wp","href":"https:\/\/api.w.org\/{rel}","templated":true}]}}