{"id":3480,"date":"2016-10-06T11:01:54","date_gmt":"2016-10-06T10:01:54","guid":{"rendered":"http:\/\/blog.iesacumella.cat\/?p=3480"},"modified":"2016-10-06T11:01:54","modified_gmt":"2016-10-06T10:01:54","slug":"publicada-resolucio-ministeri-sobre-documentacio-demanar-beques-aquest-curs","status":"publish","type":"post","link":"https:\/\/agora.xtec.cat\/iesacumella\/portada\/general\/publicada-resolucio-ministeri-sobre-documentacio-demanar-beques-aquest-curs\/","title":{"rendered":"Publicada la resoluci\u00f3 del ministeri sobre la documentaci\u00f3 per a demanar beques aquest curs"},"content":{"rendered":"<p>A la resoluci\u00f3\u00a0del Ministeri d&#8217;Educaci\u00f3, que us adjuntem, s&#8217;accepta com a acreditaci\u00f3 suficient de la concurr\u00e8ncia de la necessitat espec\u00edfica de suport educatiu derivada de discapacitat o trastorn greu de conducta el certificat de l&#8217;EAP, per la qual cosa <strong>la documentaci\u00f3 necess\u00e0ria per sol\u00b7licitar beca passa a ser la mateixa que el passat curs 2015-2016<\/strong>.<\/p>\n<p>Podeu consultar la resoluci\u00f3 aqu\u00ed: <a href=\"http:\/\/agora.xtec.cat\/iesacumella\/wp-content\/uploads\/usu1642\/2016\/10\/Resoluci\u00f3-Ministeri-dEducaci\u00f3.pdf\">Resoluci\u00f3 Ministeri Educaci\u00f3<\/a><\/p>\n<p>&nbsp;<\/p>\n<p>&nbsp;<\/p>\n","protected":false},"excerpt":{"rendered":"<p>A la resoluci\u00f3\u00a0del Ministeri d&#8217;Educaci\u00f3, que us adjuntem, s&#8217;accepta com a acreditaci\u00f3 suficient de la concurr\u00e8ncia de la necessitat espec\u00edfica de suport educatiu derivada de discapacitat o trastorn greu de conducta el certificat de l&#8217;EAP, per la qual cosa la documentaci\u00f3 necess\u00e0ria per sol\u00b7licitar beca&hellip;  <a href=\"https:\/\/agora.xtec.cat\/iesacumella\/portada\/general\/publicada-resolucio-ministeri-sobre-documentacio-demanar-beques-aquest-curs\/\" title=\"Read Publicada la resoluci\u00f3 del ministeri sobre la documentaci\u00f3 per a demanar beques aquest curs\">Llegeix m\u00e9s\u00bb<\/a><\/p>\n","protected":false},"author":1,"featured_media":0,"comment_status":"closed","ping_status":"closed","sticky":false,"template":"","format":"standard","meta":{"_bbp_topic_count":0,"_bbp_reply_count":0,"_bbp_total_topic_count":0,"_bbp_total_reply_count":0,"_bbp_voice_count":0,"_bbp_anonymous_reply_count":0,"_bbp_topic_count_hidden":0,"_bbp_reply_count_hidden":0,"_bbp_forum_subforum_count":0,"footnotes":""},"categories":[1],"tags":[],"class_list":["post-3480","post","type-post","status-publish","format-standard","hentry","category-general"],"post_mailing_queue_ids":[],"_links":{"self":[{"href":"https:\/\/agora.xtec.cat\/iesacumella\/wp-json\/wp\/v2\/posts\/3480","targetHints":{"allow":["GET"]}}],"collection":[{"href":"https:\/\/agora.xtec.cat\/iesacumella\/wp-json\/wp\/v2\/posts"}],"about":[{"href":"https:\/\/agora.xtec.cat\/iesacumella\/wp-json\/wp\/v2\/types\/post"}],"author":[{"embeddable":true,"href":"https:\/\/agora.xtec.cat\/iesacumella\/wp-json\/wp\/v2\/users\/1"}],"replies":[{"embeddable":true,"href":"https:\/\/agora.xtec.cat\/iesacumella\/wp-json\/wp\/v2\/comments?post=3480"}],"version-history":[{"count":0,"href":"https:\/\/agora.xtec.cat\/iesacumella\/wp-json\/wp\/v2\/posts\/3480\/revisions"}],"wp:attachment":[{"href":"https:\/\/agora.xtec.cat\/iesacumella\/wp-json\/wp\/v2\/media?parent=3480"}],"wp:term":[{"taxonomy":"category","embeddable":true,"href":"https:\/\/agora.xtec.cat\/iesacumella\/wp-json\/wp\/v2\/categories?post=3480"},{"taxonomy":"post_tag","embeddable":true,"href":"https:\/\/agora.xtec.cat\/iesacumella\/wp-json\/wp\/v2\/tags?post=3480"}],"curies":[{"name":"wp","href":"https:\/\/api.w.org\/{rel}","templated":true}]}}