{"id":3348,"date":"2016-06-30T20:36:02","date_gmt":"2016-06-30T19:36:02","guid":{"rendered":"http:\/\/blog.iesacumella.cat\/?p=3348"},"modified":"2016-06-30T20:36:02","modified_gmt":"2016-06-30T19:36:02","slug":"3348-2","status":"publish","type":"post","link":"https:\/\/agora.xtec.cat\/iesacumella\/portada\/ampa\/3348-2\/","title":{"rendered":"Mercat de llibres de text de segona m\u00e0"},"content":{"rendered":"<p>Fem saber a les fam\u00edlies que enguany l&#8217;institut no podr\u00e0 organitzar el mercat de llibres de text de segona m\u00e0 com s&#8217;ha fet fins ara. Com sabeu, per tal d&#8217;economitzar el cost del curs escolar, l&#8217;empresa Iddink gestiona la reutilitzaci\u00f3 dels llibres per als qui ho desitgin.<\/p>\n","protected":false},"excerpt":{"rendered":"<p>Fem saber a les fam\u00edlies que enguany l&#8217;institut no podr\u00e0 organitzar el mercat de llibres de text de segona m\u00e0 com s&#8217;ha fet fins ara. Com sabeu, per tal d&#8217;economitzar el cost del curs escolar, l&#8217;empresa Iddink gestiona la reutilitzaci\u00f3 dels llibres per als qui&hellip;  <a href=\"https:\/\/agora.xtec.cat\/iesacumella\/portada\/ampa\/3348-2\/\" title=\"Read Mercat de llibres de text de segona m\u00e0\">Llegeix m\u00e9s\u00bb<\/a><\/p>\n","protected":false},"author":1,"featured_media":1800,"comment_status":"closed","ping_status":"closed","sticky":false,"template":"","format":"standard","meta":{"_bbp_topic_count":0,"_bbp_reply_count":0,"_bbp_total_topic_count":0,"_bbp_total_reply_count":0,"_bbp_voice_count":0,"_bbp_anonymous_reply_count":0,"_bbp_topic_count_hidden":0,"_bbp_reply_count_hidden":0,"_bbp_forum_subforum_count":0,"footnotes":""},"categories":[31],"tags":[],"class_list":["post-3348","post","type-post","status-publish","format-standard","has-post-thumbnail","hentry","category-ampa"],"post_mailing_queue_ids":[],"_links":{"self":[{"href":"https:\/\/agora.xtec.cat\/iesacumella\/wp-json\/wp\/v2\/posts\/3348","targetHints":{"allow":["GET"]}}],"collection":[{"href":"https:\/\/agora.xtec.cat\/iesacumella\/wp-json\/wp\/v2\/posts"}],"about":[{"href":"https:\/\/agora.xtec.cat\/iesacumella\/wp-json\/wp\/v2\/types\/post"}],"author":[{"embeddable":true,"href":"https:\/\/agora.xtec.cat\/iesacumella\/wp-json\/wp\/v2\/users\/1"}],"replies":[{"embeddable":true,"href":"https:\/\/agora.xtec.cat\/iesacumella\/wp-json\/wp\/v2\/comments?post=3348"}],"version-history":[{"count":0,"href":"https:\/\/agora.xtec.cat\/iesacumella\/wp-json\/wp\/v2\/posts\/3348\/revisions"}],"wp:featuredmedia":[{"embeddable":true,"href":"https:\/\/agora.xtec.cat\/iesacumella\/wp-json\/wp\/v2\/media\/1800"}],"wp:attachment":[{"href":"https:\/\/agora.xtec.cat\/iesacumella\/wp-json\/wp\/v2\/media?parent=3348"}],"wp:term":[{"taxonomy":"category","embeddable":true,"href":"https:\/\/agora.xtec.cat\/iesacumella\/wp-json\/wp\/v2\/categories?post=3348"},{"taxonomy":"post_tag","embeddable":true,"href":"https:\/\/agora.xtec.cat\/iesacumella\/wp-json\/wp\/v2\/tags?post=3348"}],"curies":[{"name":"wp","href":"https:\/\/api.w.org\/{rel}","templated":true}]}}