{"id":3282,"date":"2016-06-17T09:21:49","date_gmt":"2016-06-17T08:21:49","guid":{"rendered":"http:\/\/blog.iesacumella.cat\/?p=3282"},"modified":"2016-06-17T09:21:49","modified_gmt":"2016-06-17T08:21:49","slug":"cursa-solidaria","status":"publish","type":"post","link":"https:\/\/agora.xtec.cat\/iesacumella\/portada\/departaments\/educacio-fisica\/cursa-solidaria\/","title":{"rendered":"Cursa Solid\u00e0ria"},"content":{"rendered":"<p><span style=\"font-weight: 400;\">El dia 9 de juny els alumnes de 2n d\u2019ESO van fer la Cursa Solid\u00e0ria per ajudar els nens i nenes de pa\u00efsos com Burkina Faso, Mali, el N\u00edger o Maurit\u00e0nia. Vam col\u00b7laborar amb l&#8217;ONG \u00a0Save The Children per lluitar contra la desnutrici\u00f3 infantil, la diarrea, el xarampi\u00f3 o la mal\u00e0ria. Entre tots els alumnes i professors vam aconseguir 177,01\u20ac que els aniran molt b\u00e9 per a portar a terme els seus programes d&#8217;ajut.<\/span><\/p>\n<p><strong> Gr\u00e0cies a tots els qui heu participat!<\/strong><\/p>\n<p>&nbsp;<\/p>\n\n\t\t<style type=\"text\/css\">\n\t\t\t#gallery-1 {\n\t\t\t\tmargin: auto;\n\t\t\t}\n\t\t\t#gallery-1 .gallery-item {\n\t\t\t\tfloat: left;\n\t\t\t\tmargin-top: 10px;\n\t\t\t\ttext-align: center;\n\t\t\t\twidth: 50%;\n\t\t\t}\n\t\t\t#gallery-1 img {\n\t\t\t\tborder: 2px solid #cfcfcf;\n\t\t\t}\n\t\t\t#gallery-1 .gallery-caption {\n\t\t\t\tmargin-left: 0;\n\t\t\t}\n\t\t\t\/* see gallery_shortcode() in wp-includes\/media.php *\/\n\t\t<\/style>\n\t\t<div id='gallery-1' class='gallery galleryid-3282 gallery-columns-2 gallery-size-medium'><dl class='gallery-item'>\n\t\t\t<dt class='gallery-icon landscape'>\n\t\t\t\t<a href='https:\/\/agora.xtec.cat\/iesacumella\/wp-content\/uploads\/usu1642\/2016\/06\/IMG_20160617_100650090.jpg'><img loading=\"lazy\" decoding=\"async\" width=\"300\" height=\"273\" src=\"https:\/\/agora.xtec.cat\/iesacumella\/wp-content\/uploads\/usu1642\/2016\/06\/IMG_20160617_100650090-300x273.jpg\" class=\"attachment-medium size-medium\" alt=\"\" srcset=\"https:\/\/agora.xtec.cat\/iesacumella\/wp-content\/uploads\/usu1642\/2016\/06\/IMG_20160617_100650090-300x273.jpg 300w, https:\/\/agora.xtec.cat\/iesacumella\/wp-content\/uploads\/usu1642\/2016\/06\/IMG_20160617_100650090-768x699.jpg 768w, https:\/\/agora.xtec.cat\/iesacumella\/wp-content\/uploads\/usu1642\/2016\/06\/IMG_20160617_100650090-1024x932.jpg 1024w\" sizes=\"auto, (max-width: 300px) 100vw, 300px\" \/><\/a>\n\t\t\t<\/dt><\/dl><dl class='gallery-item'>\n\t\t\t<dt class='gallery-icon landscape'>\n\t\t\t\t<a href='https:\/\/agora.xtec.cat\/iesacumella\/wp-content\/uploads\/usu1642\/2016\/06\/20160609_124855.jpg'><img loading=\"lazy\" decoding=\"async\" width=\"300\" height=\"169\" src=\"https:\/\/agora.xtec.cat\/iesacumella\/wp-content\/uploads\/usu1642\/2016\/06\/20160609_124855-300x169.jpg\" class=\"attachment-medium size-medium\" alt=\"\" srcset=\"https:\/\/agora.xtec.cat\/iesacumella\/wp-content\/uploads\/usu1642\/2016\/06\/20160609_124855-300x169.jpg 300w, https:\/\/agora.xtec.cat\/iesacumella\/wp-content\/uploads\/usu1642\/2016\/06\/20160609_124855-768x432.jpg 768w, https:\/\/agora.xtec.cat\/iesacumella\/wp-content\/uploads\/usu1642\/2016\/06\/20160609_124855-1024x576.jpg 1024w\" sizes=\"auto, (max-width: 300px) 100vw, 300px\" \/><\/a>\n\t\t\t<\/dt><\/dl><br style=\"clear: both\" \/><dl class='gallery-item'>\n\t\t\t<dt class='gallery-icon portrait'>\n\t\t\t\t<a href='https:\/\/agora.xtec.cat\/iesacumella\/wp-content\/uploads\/usu1642\/2016\/06\/20160613_105244-e1465891528768.jpg'><img loading=\"lazy\" decoding=\"async\" width=\"169\" height=\"300\" src=\"https:\/\/agora.xtec.cat\/iesacumella\/wp-content\/uploads\/usu1642\/2016\/06\/20160613_105244-e1465891528768-169x300.jpg\" class=\"attachment-medium size-medium\" alt=\"\" srcset=\"https:\/\/agora.xtec.cat\/iesacumella\/wp-content\/uploads\/usu1642\/2016\/06\/20160613_105244-e1465891528768-169x300.jpg 169w, https:\/\/agora.xtec.cat\/iesacumella\/wp-content\/uploads\/usu1642\/2016\/06\/20160613_105244-e1465891528768-768x1365.jpg 768w, https:\/\/agora.xtec.cat\/iesacumella\/wp-content\/uploads\/usu1642\/2016\/06\/20160613_105244-e1465891528768-576x1024.jpg 576w, https:\/\/agora.xtec.cat\/iesacumella\/wp-content\/uploads\/usu1642\/2016\/06\/20160613_105244-e1465891528768.jpg 1836w\" sizes=\"auto, (max-width: 169px) 100vw, 169px\" \/><\/a>\n\t\t\t<\/dt><\/dl><dl class='gallery-item'>\n\t\t\t<dt class='gallery-icon portrait'>\n\t\t\t\t<a href='https:\/\/agora.xtec.cat\/iesacumella\/wp-content\/uploads\/usu1642\/2016\/06\/20160613_110524-1-e1465891629592.jpg'><img loading=\"lazy\" decoding=\"async\" width=\"169\" height=\"300\" src=\"https:\/\/agora.xtec.cat\/iesacumella\/wp-content\/uploads\/usu1642\/2016\/06\/20160613_110524-1-e1465891629592-169x300.jpg\" class=\"attachment-medium size-medium\" alt=\"\" srcset=\"https:\/\/agora.xtec.cat\/iesacumella\/wp-content\/uploads\/usu1642\/2016\/06\/20160613_110524-1-e1465891629592-169x300.jpg 169w, https:\/\/agora.xtec.cat\/iesacumella\/wp-content\/uploads\/usu1642\/2016\/06\/20160613_110524-1-e1465891629592-768x1365.jpg 768w, https:\/\/agora.xtec.cat\/iesacumella\/wp-content\/uploads\/usu1642\/2016\/06\/20160613_110524-1-e1465891629592-576x1024.jpg 576w, https:\/\/agora.xtec.cat\/iesacumella\/wp-content\/uploads\/usu1642\/2016\/06\/20160613_110524-1-e1465891629592.jpg 1836w\" sizes=\"auto, (max-width: 169px) 100vw, 169px\" \/><\/a>\n\t\t\t<\/dt><\/dl><br style=\"clear: both\" \/><dl class='gallery-item'>\n\t\t\t<dt class='gallery-icon landscape'>\n\t\t\t\t<a href='https:\/\/agora.xtec.cat\/iesacumella\/wp-content\/uploads\/usu1642\/2016\/06\/20160613_110007.jpg'><img loading=\"lazy\" decoding=\"async\" width=\"300\" height=\"169\" src=\"https:\/\/agora.xtec.cat\/iesacumella\/wp-content\/uploads\/usu1642\/2016\/06\/20160613_110007-300x169.jpg\" class=\"attachment-medium size-medium\" alt=\"\" srcset=\"https:\/\/agora.xtec.cat\/iesacumella\/wp-content\/uploads\/usu1642\/2016\/06\/20160613_110007-300x169.jpg 300w, https:\/\/agora.xtec.cat\/iesacumella\/wp-content\/uploads\/usu1642\/2016\/06\/20160613_110007-768x432.jpg 768w, https:\/\/agora.xtec.cat\/iesacumella\/wp-content\/uploads\/usu1642\/2016\/06\/20160613_110007-1024x576.jpg 1024w\" sizes=\"auto, (max-width: 300px) 100vw, 300px\" \/><\/a>\n\t\t\t<\/dt><\/dl>\n\t\t\t<br style='clear: both' \/>\n\t\t<\/div>\n\n<p>&nbsp;<\/p>\n<p>&nbsp;<\/p>\n","protected":false},"excerpt":{"rendered":"<p>El dia 9 de juny els alumnes de 2n d\u2019ESO van fer la Cursa Solid\u00e0ria per ajudar els nens i nenes de pa\u00efsos com Burkina Faso, Mali, el N\u00edger o Maurit\u00e0nia. Vam col\u00b7laborar amb l&#8217;ONG \u00a0Save The Children per lluitar contra la desnutrici\u00f3 infantil, la&hellip;  <a href=\"https:\/\/agora.xtec.cat\/iesacumella\/portada\/departaments\/educacio-fisica\/cursa-solidaria\/\" title=\"Read Cursa Solid\u00e0ria\">Llegeix m\u00e9s\u00bb<\/a><\/p>\n","protected":false},"author":1,"featured_media":3296,"comment_status":"closed","ping_status":"closed","sticky":false,"template":"","format":"standard","meta":{"_bbp_topic_count":0,"_bbp_reply_count":0,"_bbp_total_topic_count":0,"_bbp_total_reply_count":0,"_bbp_voice_count":0,"_bbp_anonymous_reply_count":0,"_bbp_topic_count_hidden":0,"_bbp_reply_count_hidden":0,"_bbp_forum_subforum_count":0,"footnotes":""},"categories":[126,104],"tags":[],"class_list":["post-3282","post","type-post","status-publish","format-standard","has-post-thumbnail","hentry","category-2n-eso","category-educacio-fisica"],"post_mailing_queue_ids":[],"_links":{"self":[{"href":"https:\/\/agora.xtec.cat\/iesacumella\/wp-json\/wp\/v2\/posts\/3282","targetHints":{"allow":["GET"]}}],"collection":[{"href":"https:\/\/agora.xtec.cat\/iesacumella\/wp-json\/wp\/v2\/posts"}],"about":[{"href":"https:\/\/agora.xtec.cat\/iesacumella\/wp-json\/wp\/v2\/types\/post"}],"author":[{"embeddable":true,"href":"https:\/\/agora.xtec.cat\/iesacumella\/wp-json\/wp\/v2\/users\/1"}],"replies":[{"embeddable":true,"href":"https:\/\/agora.xtec.cat\/iesacumella\/wp-json\/wp\/v2\/comments?post=3282"}],"version-history":[{"count":0,"href":"https:\/\/agora.xtec.cat\/iesacumella\/wp-json\/wp\/v2\/posts\/3282\/revisions"}],"wp:featuredmedia":[{"embeddable":true,"href":"https:\/\/agora.xtec.cat\/iesacumella\/wp-json\/wp\/v2\/media\/3296"}],"wp:attachment":[{"href":"https:\/\/agora.xtec.cat\/iesacumella\/wp-json\/wp\/v2\/media?parent=3282"}],"wp:term":[{"taxonomy":"category","embeddable":true,"href":"https:\/\/agora.xtec.cat\/iesacumella\/wp-json\/wp\/v2\/categories?post=3282"},{"taxonomy":"post_tag","embeddable":true,"href":"https:\/\/agora.xtec.cat\/iesacumella\/wp-json\/wp\/v2\/tags?post=3282"}],"curies":[{"name":"wp","href":"https:\/\/api.w.org\/{rel}","templated":true}]}}