{"id":3160,"date":"2016-06-06T09:35:00","date_gmt":"2016-06-06T08:35:00","guid":{"rendered":"http:\/\/blog.iesacumella.cat\/?p=3160"},"modified":"2016-06-06T09:35:00","modified_gmt":"2016-06-06T08:35:00","slug":"informacio-iddink","status":"publish","type":"post","link":"https:\/\/agora.xtec.cat\/iesacumella\/portada\/ampa\/informacio-iddink\/","title":{"rendered":"Llibres de text curs 2017-18 &#8211; IDDINK Ecobooks"},"content":{"rendered":"<p style=\"text-align: justify;\">Benvolgudes fam\u00edlies i alumnes,<\/p>\n<p style=\"text-align: justify;\">Aquest curs la direcci\u00f3 del centre, i amb l\u2019aprovaci\u00f3 del Consell Escolar, oferir\u00e0 el Projecte de\u00a0Reutilitzaci\u00f3 de llibres de text amb l&#8217;empresa IDDINK. . Els avantatges que ofereix s\u00f3n, en resum:<\/p>\n<p style=\"text-align: justify;\">\u2022 Estalvi del 60% respecte el PVP en l\u2019adquisici\u00f3 dels llibres reutilitzables (ecoBooks*).<\/p>\n<p style=\"padding-left: 30px; text-align: justify;\">Els ecoBooks s\u2019han de tractar b\u00e9 i s\u2019hauran de tornar en bones condicions de reutilitzaci\u00f3 al centre en finalitzar el\u00a0curs. En cas de no tornar els ecoBooks o tornar-los en mal estat segons les condicions que informar\u00e0 Iddink, s\u2019haur\u00e0\u00a0de pagar l\u2019estalvi aconseguit respecte al preu de llibre nou.<\/p>\n<p style=\"padding-left: 30px; text-align: justify;\">*Els ecoBooks de noves edicions seran nous a estrenar i amb el mateix estalvi! Aquest proper curs est\u00e0\u00a0previst per la majoria de llibres de 2n i 4t ESO.<\/p>\n<p style=\"text-align: justify;\">\u2022 Comanda unificada amb sistema de lot: al lot de llibres de mat\u00e8ries comunes, podr\u00e0s afegir les\u00a0optatives, les lectures, quotes, dossiers, material de papereria, etc.<\/p>\n<p>\u2022 Les comandes es lliuraran a domicili a partir de la tercera setmana d&#8217;agost.<\/p>\n<p>\u2022 La comanda es podr\u00e0 fer:<\/p>\n<p style=\"padding-left: 30px;\">o Al web d\u2019Iddink (www.iddink.cat) Codi de centre: 335LS1<\/p>\n<p style=\"padding-left: 30px;\">o Per tel\u00e8fon trucant al 902 565 411<\/p>\n<p style=\"padding-left: 30px;\">o Presencialment al Centre el dia 22 de juny de 10:30 a 13h<\/p>\n<p>&nbsp;<\/p>\n<p><strong>Reunions informatives:<\/strong><\/p>\n<ul>\n<li>Per aquells alumnes que facin <span style=\"text-decoration: underline;\">1er. ESO, 3er ESO i 1er BTX<\/span> el proper curs (2016-17)<\/li>\n<\/ul>\n<p style=\"padding-left: 60px;\">27 de juny a a les 18h \u2013 Reuni\u00f3 amb Direcci\u00f3 del centre<\/p>\n<ul>\n<li>Per aquells alumnes que facin <span style=\"text-decoration: underline;\">1er ESO<\/span> el proper curs (2016-17)<\/li>\n<\/ul>\n<p style=\"padding-left: 60px;\">27 de Juny a les 18:30 \u2013 Reuni\u00f3 tema llibres<\/p>\n<ul>\n<li>Per aquells alumnes que facin <span style=\"text-decoration: underline;\">2n ESO i 4t ESO<\/span> el proper curs (2016-17)<\/li>\n<\/ul>\n<p style=\"padding-left: 60px;\">27 de juny a les 19:30h \u2013 Reuni\u00f3 tema llibres<\/p>\n<p>Cordialment,<\/p>\n<p>La Direcci\u00f3 de l\u2019Institut Antoni Cumella<\/p>\n<p>&nbsp;<\/p>\n<p><strong>Per a m\u00e9s informaci\u00f3, descarregueu els fitxers seg\u00fbents:<\/strong><\/p>\n<p>Carta pares:\u00a0<a href=\"http:\/\/agora.xtec.cat\/iesacumella\/wp-content\/uploads\/usu1642\/2016\/06\/335-Carta-pares-Antoni-Cumella.pdf\">335-Carta pares-Antoni Cumella<\/a><\/p>\n<p>Com comprar llibres:\u00a0<a href=\"http:\/\/agora.xtec.cat\/iesacumella\/wp-content\/uploads\/usu1642\/2016\/06\/335-Com-comprar-Antoni-Cumella.pdf\">335-Com comprar-Antoni Cumella<\/a><\/p>\n<p><span lang=\"CA\">Com tractar ecoBooks: <\/span><span lang=\"CA\"><a href=\"https:\/\/www.iddink.es\/?pagina=ecoBooks\" target=\"_blank\">https:\/\/www.iddink.es\/?pagina=<wbr \/>ecoBooks<\/a><\/span><\/p>\n<p><span lang=\"CA\">Com retornar els ecoBooks:<\/span> <span lang=\"CA\"><a href=\"https:\/\/www.iddink.es\/?pagina=retornarEcoBooks\" target=\"_blank\">https:\/\/www.iddink.es\/?pagina=<wbr \/>retornarEcoBooks<\/a><\/span><\/p>\n<p>&nbsp;<\/p>\n<p><a href=\"http:\/\/agora.xtec.cat\/iesacumella\/wp-content\/uploads\/usu1642\/2016\/06\/1494272-page-002.jpg\"><img loading=\"lazy\" decoding=\"async\" class=\"alignnone wp-image-3163\" src=\"http:\/\/agora.xtec.cat\/iesacumella\/wp-content\/uploads\/usu1642\/2016\/06\/1494272-page-002-1024x724.jpg\" alt=\"1494272-page-002\" width=\"547\" height=\"387\" srcset=\"https:\/\/agora.xtec.cat\/iesacumella\/wp-content\/uploads\/usu1642\/2016\/06\/1494272-page-002-1024x724.jpg 1024w, https:\/\/agora.xtec.cat\/iesacumella\/wp-content\/uploads\/usu1642\/2016\/06\/1494272-page-002-300x212.jpg 300w, https:\/\/agora.xtec.cat\/iesacumella\/wp-content\/uploads\/usu1642\/2016\/06\/1494272-page-002-768x543.jpg 768w, https:\/\/agora.xtec.cat\/iesacumella\/wp-content\/uploads\/usu1642\/2016\/06\/1494272-page-002.jpg 1754w\" sizes=\"auto, (max-width: 547px) 100vw, 547px\" \/><\/a><a href=\"http:\/\/agora.xtec.cat\/iesacumella\/wp-content\/uploads\/usu1642\/2016\/06\/1494272-page-001.jpg\"><img loading=\"lazy\" decoding=\"async\" class=\"alignnone wp-image-3162\" src=\"http:\/\/agora.xtec.cat\/iesacumella\/wp-content\/uploads\/usu1642\/2016\/06\/1494272-page-001-1024x724.jpg\" alt=\"1494272-page-001\" width=\"544\" height=\"385\" srcset=\"https:\/\/agora.xtec.cat\/iesacumella\/wp-content\/uploads\/usu1642\/2016\/06\/1494272-page-001-1024x724.jpg 1024w, https:\/\/agora.xtec.cat\/iesacumella\/wp-content\/uploads\/usu1642\/2016\/06\/1494272-page-001-300x212.jpg 300w, https:\/\/agora.xtec.cat\/iesacumella\/wp-content\/uploads\/usu1642\/2016\/06\/1494272-page-001-768x543.jpg 768w, https:\/\/agora.xtec.cat\/iesacumella\/wp-content\/uploads\/usu1642\/2016\/06\/1494272-page-001.jpg 1754w\" sizes=\"auto, (max-width: 544px) 100vw, 544px\" \/><\/a><\/p>\n","protected":false},"excerpt":{"rendered":"<p>Benvolgudes fam\u00edlies i alumnes,<br \/>\nAquest curs la direcci\u00f3 del centre, i amb l\u2019aprovaci\u00f3 del Consell Escolar, oferir\u00e0 el Projecte de\u00a0Reutilitzaci\u00f3 de llibres de text amb l&#8217;empresa IDDINK. . Els avantatges que ofereix s\u00f3n, en resum:<br \/>\n\u2022 Estalvi del 60% respecte el PVP en l\u2019adquisici\u00f3 dels llibres reutilitzables&hellip;  <a href=\"https:\/\/agora.xtec.cat\/iesacumella\/portada\/ampa\/informacio-iddink\/\" title=\"Read Llibres de text curs 2017-18 &#8211; IDDINK Ecobooks\">Llegeix m\u00e9s\u00bb<\/a><\/p>\n","protected":false},"author":1,"featured_media":2405,"comment_status":"closed","ping_status":"closed","sticky":false,"template":"","format":"standard","meta":{"_bbp_topic_count":0,"_bbp_reply_count":0,"_bbp_total_topic_count":0,"_bbp_total_reply_count":0,"_bbp_voice_count":0,"_bbp_anonymous_reply_count":0,"_bbp_topic_count_hidden":0,"_bbp_reply_count_hidden":0,"_bbp_forum_subforum_count":0,"footnotes":""},"categories":[31],"tags":[],"class_list":["post-3160","post","type-post","status-publish","format-standard","has-post-thumbnail","hentry","category-ampa"],"post_mailing_queue_ids":[],"_links":{"self":[{"href":"https:\/\/agora.xtec.cat\/iesacumella\/wp-json\/wp\/v2\/posts\/3160","targetHints":{"allow":["GET"]}}],"collection":[{"href":"https:\/\/agora.xtec.cat\/iesacumella\/wp-json\/wp\/v2\/posts"}],"about":[{"href":"https:\/\/agora.xtec.cat\/iesacumella\/wp-json\/wp\/v2\/types\/post"}],"author":[{"embeddable":true,"href":"https:\/\/agora.xtec.cat\/iesacumella\/wp-json\/wp\/v2\/users\/1"}],"replies":[{"embeddable":true,"href":"https:\/\/agora.xtec.cat\/iesacumella\/wp-json\/wp\/v2\/comments?post=3160"}],"version-history":[{"count":0,"href":"https:\/\/agora.xtec.cat\/iesacumella\/wp-json\/wp\/v2\/posts\/3160\/revisions"}],"wp:featuredmedia":[{"embeddable":true,"href":"https:\/\/agora.xtec.cat\/iesacumella\/wp-json\/wp\/v2\/media\/2405"}],"wp:attachment":[{"href":"https:\/\/agora.xtec.cat\/iesacumella\/wp-json\/wp\/v2\/media?parent=3160"}],"wp:term":[{"taxonomy":"category","embeddable":true,"href":"https:\/\/agora.xtec.cat\/iesacumella\/wp-json\/wp\/v2\/categories?post=3160"},{"taxonomy":"post_tag","embeddable":true,"href":"https:\/\/agora.xtec.cat\/iesacumella\/wp-json\/wp\/v2\/tags?post=3160"}],"curies":[{"name":"wp","href":"https:\/\/api.w.org\/{rel}","templated":true}]}}