{"id":2978,"date":"2016-04-25T12:20:54","date_gmt":"2016-04-25T11:20:54","guid":{"rendered":"http:\/\/blog.iesacumella.cat\/?p=2978"},"modified":"2016-04-25T12:20:54","modified_gmt":"2016-04-25T11:20:54","slug":"olimpiada-classica","status":"publish","type":"post","link":"https:\/\/agora.xtec.cat\/iesacumella\/portada\/general\/olimpiada-classica\/","title":{"rendered":"Olimp\u00edada Cl\u00e0ssica"},"content":{"rendered":"<p style=\"text-align: justify;\">Dimecres 20 d&#8217;abril es va celebrar la <a href=\"http:\/\/blogs.uab.cat\/estudisclassics\/convocatoria-de-la-ii-olimpiada-classica-de-la-uab\/\">II Ol\u00edmpiada Cl\u00e0ssica a la UAB.<\/a> Tot i que no \u00e9s una competici\u00f3 atl\u00e8tica, es podria dir que \u00e9s una<span style=\"color: #3366ff;\"> <strong>marat\u00f3<\/strong><\/span> pel que fa a coneixements, doncs consta d&#8217; un text per \u00a0traduir \u00a0i preguntes de gram\u00e0tica, cultura i literatura, tant de \u00a0llat\u00ed com de \u00a0grec. Cada prova t\u00e9 una durada \u00a0de 1.30 !<\/p>\n<p style=\"text-align: justify;\">Enguany es van presentar en les dues lleng\u00fces 2 alumnes de 2n de batxillerat, la Khadija el Baghdadi i en Mario Vita. Esperem que s&#8217;emportin els llorers de la vict\u00f2ria, tot i que ara per ara, s&#8217;han emportat la satisfacci\u00f3 d&#8217;haver competit \u00a0i els riures davant d&#8217;un text grec una mica incomprensible!!!!<\/p>\n<p style=\"text-align: center;\">Com diu la dita: <strong><span style=\"color: #3366ff;\"><em>AUDENTES FORTUNA IUVAT<\/em><\/span><\/strong><\/p>\n","protected":false},"excerpt":{"rendered":"<p>Dimecres 20 d&#8217;abril es va celebrar la <a href=\"http:\/\/blogs.uab.cat\/estudisclassics\/convocatoria-de-la-ii-olimpiada-classica-de-la-uab\/\">II Ol\u00edmpiada Cl\u00e0ssica a la UAB.<\/a> Tot i que no \u00e9s una competici\u00f3 atl\u00e8tica, es podria dir que \u00e9s una marat\u00f3 pel que fa a coneixements, doncs consta d&#8217; un text per \u00a0traduir \u00a0i preguntes de gram\u00e0tica,&hellip;  <a href=\"https:\/\/agora.xtec.cat\/iesacumella\/portada\/general\/olimpiada-classica\/\" title=\"Read Olimp\u00edada Cl\u00e0ssica\">Llegeix m\u00e9s\u00bb<\/a><\/p>\n","protected":false},"author":1,"featured_media":2987,"comment_status":"closed","ping_status":"closed","sticky":false,"template":"","format":"standard","meta":{"_bbp_topic_count":0,"_bbp_reply_count":0,"_bbp_total_topic_count":0,"_bbp_total_reply_count":0,"_bbp_voice_count":0,"_bbp_anonymous_reply_count":0,"_bbp_topic_count_hidden":0,"_bbp_reply_count_hidden":0,"_bbp_forum_subforum_count":0,"footnotes":""},"categories":[1],"tags":[],"class_list":["post-2978","post","type-post","status-publish","format-standard","has-post-thumbnail","hentry","category-general"],"post_mailing_queue_ids":[],"_links":{"self":[{"href":"https:\/\/agora.xtec.cat\/iesacumella\/wp-json\/wp\/v2\/posts\/2978","targetHints":{"allow":["GET"]}}],"collection":[{"href":"https:\/\/agora.xtec.cat\/iesacumella\/wp-json\/wp\/v2\/posts"}],"about":[{"href":"https:\/\/agora.xtec.cat\/iesacumella\/wp-json\/wp\/v2\/types\/post"}],"author":[{"embeddable":true,"href":"https:\/\/agora.xtec.cat\/iesacumella\/wp-json\/wp\/v2\/users\/1"}],"replies":[{"embeddable":true,"href":"https:\/\/agora.xtec.cat\/iesacumella\/wp-json\/wp\/v2\/comments?post=2978"}],"version-history":[{"count":0,"href":"https:\/\/agora.xtec.cat\/iesacumella\/wp-json\/wp\/v2\/posts\/2978\/revisions"}],"wp:featuredmedia":[{"embeddable":true,"href":"https:\/\/agora.xtec.cat\/iesacumella\/wp-json\/wp\/v2\/media\/2987"}],"wp:attachment":[{"href":"https:\/\/agora.xtec.cat\/iesacumella\/wp-json\/wp\/v2\/media?parent=2978"}],"wp:term":[{"taxonomy":"category","embeddable":true,"href":"https:\/\/agora.xtec.cat\/iesacumella\/wp-json\/wp\/v2\/categories?post=2978"},{"taxonomy":"post_tag","embeddable":true,"href":"https:\/\/agora.xtec.cat\/iesacumella\/wp-json\/wp\/v2\/tags?post=2978"}],"curies":[{"name":"wp","href":"https:\/\/api.w.org\/{rel}","templated":true}]}}