{"id":2892,"date":"2017-03-23T15:07:41","date_gmt":"2017-03-23T14:07:41","guid":{"rendered":"http:\/\/blog.iesacumella.cat\/?p=2892"},"modified":"2017-03-23T15:07:41","modified_gmt":"2017-03-23T14:07:41","slug":"preinscripcio-eso-pel-curs-2018-2019","status":"publish","type":"post","link":"https:\/\/agora.xtec.cat\/iesacumella\/portada\/general\/preinscripcio-eso-pel-curs-2018-2019\/","title":{"rendered":"Preinscripci\u00f3 ESO pel curs 2018-2019"},"content":{"rendered":"<p style=\"text-align: left;\"><a href=\"http:\/\/agora.xtec.cat\/iesacumella\/wp-content\/uploads\/usu1642\/2018\/03\/escoles-300x233.png\"><img loading=\"lazy\" decoding=\"async\" class=\"alignnone size-medium wp-image-5040\" src=\"http:\/\/agora.xtec.cat\/iesacumella\/wp-content\/uploads\/usu1642\/2018\/03\/escoles-300x233-300x233.png\" alt=\"escoles-300x233\" width=\"300\" height=\"233\" \/><\/a><\/p>\n<div class=\"FW_sPregunta FW_sImpacte\">\n<h4 id=\"FW_bloc_8e4cd612-10c2-11e8-896d-005056924a59_1\" class=\"FW_ancora\">Dates de la preinscripci\u00f3<\/h4>\n<div class=\"FW_sArticleFoto\">\n<div class=\"FW_sEditPro\">\n<p>La resoluci\u00f3 per a la preinscripci\u00f3 del curs 2018-2019 est\u00e0 en tr\u00e0mit de publicaci\u00f3 al DOGC.<\/p>\n<p>El\u00a0<strong>termini\u00a0<\/strong>de presentaci\u00f3 de sol\u00b7licitud previst\u00a0\u00e9s els seg\u00fcent:<\/p>\n<p>&#8211; Del\u00a0<strong>13 al 24 d&#8217;abril<\/strong>, per al segon cicle d&#8217;educaci\u00f3 infantil, educaci\u00f3 prim\u00e0ria, centres integrats i educaci\u00f3 secund\u00e0ria obligat\u00f2ria.<\/p>\n<p><strong>Documentaci\u00f3 que cal presentar<\/strong><\/p>\n<p>La sol\u00b7licitud que faciliten els centres\u00a0<u>\u00c9S \u00daNICA<\/u>\u00a0i cal presentar-la al centre demanat en\u00a0<u>PRIMER LLOC<\/u>.<\/p>\n<\/div>\n<\/div>\n<div class=\"FW_clear FW_hrBlanc\">\n<p><strong>Documentaci\u00f3 general:<\/strong><\/p>\n<ul>\n<li>Full de preinscripci\u00f3<\/li>\n<li><u>Original i fotoc\u00f2pia<\/u>\u00a0de\u00a0<strong>tots<\/strong>\u00a0els fulls escrits del\u00a0<strong>llibre de fam\u00edlia<\/strong><\/li>\n<li><u>Original i fotoc\u00f2pia<\/u>\u00a0del\u00a0<strong>DNI del pare, mare i\/o tutor\/a<\/strong>\u00a0o targeta de resid\u00e8ncia NIE per persones estrangeres.<\/li>\n<li><u>Original i fotoc\u00f2pia<\/u>\u00a0del\u00a0<strong>DNI de l\u2019alumne\/a<\/strong>\u00a0o targeta de resid\u00e8ncia NIE per persones estrangeres.<\/li>\n<li><u>Original i fotoc\u00f2pia<\/u>\u00a0de la\u00a0<strong>TIS<\/strong>\u00a0(Targeta Sanit\u00e0ria Individual)<\/li>\n<\/ul>\n<p><strong>Documentaci\u00f3 espec\u00edfica:<\/strong><\/p>\n<ul>\n<li>En cas que l\u2019adre\u00e7a del\u00a0<strong>DNI\/NIE<\/strong>\u00a0no coincideixi amb la del full de sol\u00b7licitud, caldr\u00e0 aportar\u00a0<strong><u>certificat original de conviv\u00e8ncia i resguard de renovaci\u00f3 del DNI\/NIE<\/u><\/strong><u>.<\/u><\/li>\n<li><u>Original i fotoc\u00f2pia<\/u>\u00a0del\u00a0<strong>carnet vigent de fam\u00edlia nombrosa i\/o monoparental<\/strong><\/li>\n<li><u>Original i Fotoc\u00f2pia<\/u>\u00a0beneficiari de\u00a0<strong><u>Renda m\u00ednima d\u2019inserci\u00f3<\/u><\/strong><\/li>\n<li><u>Original i fotoc\u00f2pia<\/u>\u00a0del\u00a0<strong>Certificat de discapacitat<\/strong><\/li>\n<li><u>Original i fotoc\u00f2pia<\/u>\u00a0del\u00a0<strong>Certificat malaltia cr\u00f2nica<\/strong><\/li>\n<li><u>Pare, mare, germans ex-alumnes:\u00a0<\/u>facilitar dades per la comprovaci\u00f3 a l\u2019arxiu del centre.<\/li>\n<\/ul>\n<p><strong><u>LLOC DE RECOLLIDA DELS FULLS DE PREINSCRIPCI\u00d3<\/u><\/strong><\/p>\n<p><strong><u>Consergeria del centre<\/u><\/strong><u>\u00a0:\u00a0<\/u><strong>HORARI: De dilluns a divendres , de 9 a 20 hores<\/strong><\/p>\n<p><strong>\u00a0<\/strong><strong>\u00a0<\/strong><\/p>\n<p><strong><u>\u00a0LLOC DE PRESENTACI\u00d3 DE LA DOCUMENTACI\u00d3<\/u><\/strong><\/p>\n<p><u>\u00a0<\/u><strong><u>Secretaria del centre<\/u><\/strong><\/p>\n<p><strong>\u00a0<\/strong><strong>HORARI:<\/strong><\/p>\n<p><strong>\u00a0del 13 al 24 d\u2019abr<\/strong>il<\/p>\n<p>De dilluns a divendres de 10:30 a 12:30 hores<\/p>\n<p>De dilluns a dijous de 16:00 a 18:00 hores<\/p>\n<\/div>\n<\/div>\n<p><strong>Informaci\u00f3 general per a la\u00a0inscripci\u00f3 publicada al web del Departament d&#8217;Ensenyament:<\/strong> <a href=\"http:\/\/queestudiar.gencat.cat\/ca\/preinscripcio\/estudis\/ensenyaments_obligatoris\/\">http:\/\/queestudiar.gencat.cat\/ca\/preinscripcio\/estudis\/ensenyaments_obligatoris\/<\/a><\/p>\n<p><strong>Documentaci\u00f3:<\/strong><\/p>\n","protected":false},"excerpt":{"rendered":"<p><a href=\"http:\/\/agora.xtec.cat\/iesacumella\/wp-content\/uploads\/usu1642\/2018\/03\/escoles-300x233.png\"><\/a><\/p>\n<p>Dates de la preinscripci\u00f3<\/p>\n<p>La resoluci\u00f3 per a la preinscripci\u00f3 del curs 2018-2019 est\u00e0 en tr\u00e0mit de publicaci\u00f3 al DOGC.<br \/>\nEl\u00a0termini\u00a0de presentaci\u00f3 de sol\u00b7licitud previst\u00a0\u00e9s els seg\u00fcent:<br \/>\n&#8211; Del\u00a013 al 24 d&#8217;abril, per al segon cicle d&#8217;educaci\u00f3 infantil, educaci\u00f3 prim\u00e0ria, centres integrats i educaci\u00f3 secund\u00e0ria obligat\u00f2ria.<br \/>\nDocumentaci\u00f3 que&hellip;  <a href=\"https:\/\/agora.xtec.cat\/iesacumella\/portada\/general\/preinscripcio-eso-pel-curs-2018-2019\/\" title=\"Read Preinscripci\u00f3 ESO pel curs 2018-2019\">Llegeix m\u00e9s\u00bb<\/a><\/p>\n","protected":false},"author":1,"featured_media":5202,"comment_status":"closed","ping_status":"closed","sticky":false,"template":"","format":"standard","meta":{"_bbp_topic_count":0,"_bbp_reply_count":0,"_bbp_total_topic_count":0,"_bbp_total_reply_count":0,"_bbp_voice_count":0,"_bbp_anonymous_reply_count":0,"_bbp_topic_count_hidden":0,"_bbp_reply_count_hidden":0,"_bbp_forum_subforum_count":0,"footnotes":""},"categories":[1],"tags":[],"class_list":["post-2892","post","type-post","status-publish","format-standard","has-post-thumbnail","hentry","category-general"],"post_mailing_queue_ids":[],"_links":{"self":[{"href":"https:\/\/agora.xtec.cat\/iesacumella\/wp-json\/wp\/v2\/posts\/2892","targetHints":{"allow":["GET"]}}],"collection":[{"href":"https:\/\/agora.xtec.cat\/iesacumella\/wp-json\/wp\/v2\/posts"}],"about":[{"href":"https:\/\/agora.xtec.cat\/iesacumella\/wp-json\/wp\/v2\/types\/post"}],"author":[{"embeddable":true,"href":"https:\/\/agora.xtec.cat\/iesacumella\/wp-json\/wp\/v2\/users\/1"}],"replies":[{"embeddable":true,"href":"https:\/\/agora.xtec.cat\/iesacumella\/wp-json\/wp\/v2\/comments?post=2892"}],"version-history":[{"count":0,"href":"https:\/\/agora.xtec.cat\/iesacumella\/wp-json\/wp\/v2\/posts\/2892\/revisions"}],"wp:featuredmedia":[{"embeddable":true,"href":"https:\/\/agora.xtec.cat\/iesacumella\/wp-json\/wp\/v2\/media\/5202"}],"wp:attachment":[{"href":"https:\/\/agora.xtec.cat\/iesacumella\/wp-json\/wp\/v2\/media?parent=2892"}],"wp:term":[{"taxonomy":"category","embeddable":true,"href":"https:\/\/agora.xtec.cat\/iesacumella\/wp-json\/wp\/v2\/categories?post=2892"},{"taxonomy":"post_tag","embeddable":true,"href":"https:\/\/agora.xtec.cat\/iesacumella\/wp-json\/wp\/v2\/tags?post=2892"}],"curies":[{"name":"wp","href":"https:\/\/api.w.org\/{rel}","templated":true}]}}