{"id":2696,"date":"2016-02-01T12:05:59","date_gmt":"2016-02-01T11:05:59","guid":{"rendered":"http:\/\/blog.iesacumella.cat\/?p=2696"},"modified":"2016-02-01T12:05:59","modified_gmt":"2016-02-01T11:05:59","slug":"odissea-2016","status":"publish","type":"post","link":"https:\/\/agora.xtec.cat\/iesacumella\/portada\/departaments\/llengues-classiques\/odissea-2016\/","title":{"rendered":"Odissea 2016"},"content":{"rendered":"<p style=\"text-align: justify;\">Avui, a les <em>kalendes<\/em> de febrer, hem comen\u00e7at la nostra<strong><span style=\"color: #ff0000;\">\u00a0Odissea pel m\u00f3n de la guerra a Gr\u00e8cia i Roma.\u00a0<\/span><\/strong><span style=\"color: #000000;\">Enguany participen a Catalunya 382 grups i a tot l&#8217;estat 1492, tot un \u00e8xit!!!!<\/span><\/p>\n<p style=\"text-align: justify;\">Durant quatre dies batallarem per contestar les preguntes que se&#8217;ns facin, tant de mitologia, com d&#8217;institucions, hist\u00f2ria i literatura referents a aquest tema. Potser no serem els guanyadors, per\u00f2 haurem apr\u00e8s de la hist\u00f2ria , que com va dir Cicer\u00f3,\u00a0<em>magistra vitae est.<\/em> Aix\u00ed doncs els tres grups de 2n donant-nos un cop de m\u00e0 i defensant l&#8217;harmonia, intentarem trobar una mica de pau en aquest viatge que ens espera.<br \/>\n<img loading=\"lazy\" decoding=\"async\" class=\"aligncenter\" src=\"http:\/\/www.seecgalicia.org\/odisea\/\/imaxes\/logo_odisea_mov.gif\" alt=\"\" width=\"200\" height=\"101\" \/><\/p>\n<p>Som<span style=\"color: #ff0000;\"><em><strong> Quod vos placet<\/strong> <\/em><\/span>( Khadija El Baghdadi, Carolina Seminario i Sergi Jaimez)<\/p>\n<p><span style=\"color: #ff0000;\"><em><strong>Filem\u00f3, Baucis i l&#8217;oca<\/strong><\/em><\/span> ( Laura Alvarez, Mario Vita i Marc Gonzalez)<\/p>\n<p><span style=\"color: #ff0000;\"><em><strong>Les Troianes<\/strong> <\/em><\/span>( Aina Lavado i Miryam Quero)<\/p>\n","protected":false},"excerpt":{"rendered":"<p>Avui, a les kalendes de febrer, hem comen\u00e7at la nostra\u00a0Odissea pel m\u00f3n de la guerra a Gr\u00e8cia i Roma.\u00a0Enguany participen a Catalunya 382 grups i a tot l&#8217;estat 1492, tot un \u00e8xit!!!!<br \/>\nDurant quatre dies batallarem per contestar les preguntes que se&#8217;ns facin, tant de mitologia,&hellip;  <a href=\"https:\/\/agora.xtec.cat\/iesacumella\/portada\/departaments\/llengues-classiques\/odissea-2016\/\" title=\"Read Odissea 2016\">Llegeix m\u00e9s\u00bb<\/a><\/p>\n","protected":false},"author":1,"featured_media":2702,"comment_status":"closed","ping_status":"closed","sticky":false,"template":"","format":"standard","meta":{"_bbp_topic_count":0,"_bbp_reply_count":0,"_bbp_total_topic_count":0,"_bbp_total_reply_count":0,"_bbp_voice_count":0,"_bbp_anonymous_reply_count":0,"_bbp_topic_count_hidden":0,"_bbp_reply_count_hidden":0,"_bbp_forum_subforum_count":0,"footnotes":""},"categories":[112],"tags":[],"class_list":["post-2696","post","type-post","status-publish","format-standard","has-post-thumbnail","hentry","category-llengues-classiques"],"post_mailing_queue_ids":[],"_links":{"self":[{"href":"https:\/\/agora.xtec.cat\/iesacumella\/wp-json\/wp\/v2\/posts\/2696","targetHints":{"allow":["GET"]}}],"collection":[{"href":"https:\/\/agora.xtec.cat\/iesacumella\/wp-json\/wp\/v2\/posts"}],"about":[{"href":"https:\/\/agora.xtec.cat\/iesacumella\/wp-json\/wp\/v2\/types\/post"}],"author":[{"embeddable":true,"href":"https:\/\/agora.xtec.cat\/iesacumella\/wp-json\/wp\/v2\/users\/1"}],"replies":[{"embeddable":true,"href":"https:\/\/agora.xtec.cat\/iesacumella\/wp-json\/wp\/v2\/comments?post=2696"}],"version-history":[{"count":0,"href":"https:\/\/agora.xtec.cat\/iesacumella\/wp-json\/wp\/v2\/posts\/2696\/revisions"}],"wp:featuredmedia":[{"embeddable":true,"href":"https:\/\/agora.xtec.cat\/iesacumella\/wp-json\/wp\/v2\/media\/2702"}],"wp:attachment":[{"href":"https:\/\/agora.xtec.cat\/iesacumella\/wp-json\/wp\/v2\/media?parent=2696"}],"wp:term":[{"taxonomy":"category","embeddable":true,"href":"https:\/\/agora.xtec.cat\/iesacumella\/wp-json\/wp\/v2\/categories?post=2696"},{"taxonomy":"post_tag","embeddable":true,"href":"https:\/\/agora.xtec.cat\/iesacumella\/wp-json\/wp\/v2\/tags?post=2696"}],"curies":[{"name":"wp","href":"https:\/\/api.w.org\/{rel}","templated":true}]}}