{"id":2669,"date":"2016-01-25T22:41:02","date_gmt":"2016-01-25T21:41:02","guid":{"rendered":"http:\/\/blog.iesacumella.cat\/?p=2669"},"modified":"2016-01-25T22:41:02","modified_gmt":"2016-01-25T21:41:02","slug":"xerrada-col%c2%b7loqui-amb-arcadi-oliveres","status":"publish","type":"post","link":"https:\/\/agora.xtec.cat\/iesacumella\/portada\/general\/xerrada-col%c2%b7loqui-amb-arcadi-oliveres\/","title":{"rendered":"Xerrada-col\u00b7loqui amb Arcadi Oliveres"},"content":{"rendered":"<p style=\"text-align: justify;\">Aquest mat\u00ed hem tingut el plaer de rebre a l&#8217;<a href=\"https:\/\/ca.wikipedia.org\/wiki\/Arcadi_Oliveres_i_Boadella\">Arcadi Oliveres<\/a>, economista i president de l&#8217;associaci\u00f3 <a href=\"https:\/\/ca.wikipedia.org\/wiki\/Associaci%C3%B3_Just%C3%ADcia_i_Pau_de_Barcelona\">Just\u00edcia i Pau<\/a>, que\u00a0\u00e9s una entitat cristiana que actua a Catalunya des del 1968 i que t\u00e9 per finalitat la promoci\u00f3 i defensa dels drets humans, la just\u00edcia social, la pau i el desarmament, la solidaritat i el respecte al medi ambient.<\/p>\n<p style=\"text-align: justify;\"><a href=\"http:\/\/agora.xtec.cat\/iesacumella\/wp-content\/uploads\/usu1642\/2016\/01\/1567.jpg\" rel=\"attachment wp-att-2672\"><img loading=\"lazy\" decoding=\"async\" class=\"wp-image-2672 alignnone\" src=\"http:\/\/agora.xtec.cat\/iesacumella\/wp-content\/uploads\/usu1642\/2016\/01\/1567-1024x552.jpg\" alt=\"1567\" width=\"498\" height=\"268\" srcset=\"https:\/\/agora.xtec.cat\/iesacumella\/wp-content\/uploads\/usu1642\/2016\/01\/1567-1024x552.jpg 1024w, https:\/\/agora.xtec.cat\/iesacumella\/wp-content\/uploads\/usu1642\/2016\/01\/1567-300x162.jpg 300w, https:\/\/agora.xtec.cat\/iesacumella\/wp-content\/uploads\/usu1642\/2016\/01\/1567-768x414.jpg 768w\" sizes=\"auto, (max-width: 498px) 100vw, 498px\" \/><\/a><\/p>\n<p style=\"text-align: justify;\">Durant la xerrada hem estat tractant temes com la diversitat, la cultura, la immigraci\u00f3 i l&#8217;economia social.<\/p>\n<p style=\"text-align: justify;\"><a href=\"http:\/\/agora.xtec.cat\/iesacumella\/wp-content\/uploads\/usu1642\/2016\/01\/1565.jpg\" rel=\"attachment wp-att-2671\"><img loading=\"lazy\" decoding=\"async\" class=\"alignnone wp-image-2671\" src=\"http:\/\/agora.xtec.cat\/iesacumella\/wp-content\/uploads\/usu1642\/2016\/01\/1565-1024x738.jpg\" alt=\"1565\" width=\"501\" height=\"361\" srcset=\"https:\/\/agora.xtec.cat\/iesacumella\/wp-content\/uploads\/usu1642\/2016\/01\/1565-1024x738.jpg 1024w, https:\/\/agora.xtec.cat\/iesacumella\/wp-content\/uploads\/usu1642\/2016\/01\/1565-300x216.jpg 300w, https:\/\/agora.xtec.cat\/iesacumella\/wp-content\/uploads\/usu1642\/2016\/01\/1565-768x554.jpg 768w\" sizes=\"auto, (max-width: 501px) 100vw, 501px\" \/><\/a><\/p>\n","protected":false},"excerpt":{"rendered":"<p>Aquest mat\u00ed hem tingut el plaer de rebre a l&#8217;<a href=\"https:\/\/ca.wikipedia.org\/wiki\/Arcadi_Oliveres_i_Boadella\">Arcadi Oliveres<\/a>, economista i president de l&#8217;associaci\u00f3 <a href=\"https:\/\/ca.wikipedia.org\/wiki\/Associaci%C3%B3_Just%C3%ADcia_i_Pau_de_Barcelona\">Just\u00edcia i Pau<\/a>, que\u00a0\u00e9s una entitat cristiana que actua a Catalunya des del 1968 i que t\u00e9 per finalitat la promoci\u00f3 i defensa dels drets humans, la&hellip;  <a href=\"https:\/\/agora.xtec.cat\/iesacumella\/portada\/general\/xerrada-col%c2%b7loqui-amb-arcadi-oliveres\/\" title=\"Read Xerrada-col\u00b7loqui amb Arcadi Oliveres\">Llegeix m\u00e9s\u00bb<\/a><\/p>\n","protected":false},"author":1,"featured_media":2672,"comment_status":"closed","ping_status":"closed","sticky":false,"template":"","format":"standard","meta":{"_bbp_topic_count":0,"_bbp_reply_count":0,"_bbp_total_topic_count":0,"_bbp_total_reply_count":0,"_bbp_voice_count":0,"_bbp_anonymous_reply_count":0,"_bbp_topic_count_hidden":0,"_bbp_reply_count_hidden":0,"_bbp_forum_subforum_count":0,"footnotes":""},"categories":[1],"tags":[],"class_list":["post-2669","post","type-post","status-publish","format-standard","has-post-thumbnail","hentry","category-general"],"post_mailing_queue_ids":[],"_links":{"self":[{"href":"https:\/\/agora.xtec.cat\/iesacumella\/wp-json\/wp\/v2\/posts\/2669","targetHints":{"allow":["GET"]}}],"collection":[{"href":"https:\/\/agora.xtec.cat\/iesacumella\/wp-json\/wp\/v2\/posts"}],"about":[{"href":"https:\/\/agora.xtec.cat\/iesacumella\/wp-json\/wp\/v2\/types\/post"}],"author":[{"embeddable":true,"href":"https:\/\/agora.xtec.cat\/iesacumella\/wp-json\/wp\/v2\/users\/1"}],"replies":[{"embeddable":true,"href":"https:\/\/agora.xtec.cat\/iesacumella\/wp-json\/wp\/v2\/comments?post=2669"}],"version-history":[{"count":0,"href":"https:\/\/agora.xtec.cat\/iesacumella\/wp-json\/wp\/v2\/posts\/2669\/revisions"}],"wp:featuredmedia":[{"embeddable":true,"href":"https:\/\/agora.xtec.cat\/iesacumella\/wp-json\/wp\/v2\/media\/2672"}],"wp:attachment":[{"href":"https:\/\/agora.xtec.cat\/iesacumella\/wp-json\/wp\/v2\/media?parent=2669"}],"wp:term":[{"taxonomy":"category","embeddable":true,"href":"https:\/\/agora.xtec.cat\/iesacumella\/wp-json\/wp\/v2\/categories?post=2669"},{"taxonomy":"post_tag","embeddable":true,"href":"https:\/\/agora.xtec.cat\/iesacumella\/wp-json\/wp\/v2\/tags?post=2669"}],"curies":[{"name":"wp","href":"https:\/\/api.w.org\/{rel}","templated":true}]}}