{"id":2631,"date":"2015-12-27T00:13:26","date_gmt":"2015-12-26T23:13:26","guid":{"rendered":"http:\/\/blog.iesacumella.cat\/?p=2631"},"modified":"2015-12-27T00:13:26","modified_gmt":"2015-12-26T23:13:26","slug":"2631-2","status":"publish","type":"post","link":"https:\/\/agora.xtec.cat\/iesacumella\/portada\/estudis\/batxillerat\/2631-2\/","title":{"rendered":"Lliurament de diplomes DELF scolaire"},"content":{"rendered":"<p style=\"text-align: justify;\"><span lang=\"CA\"><a href=\"http:\/\/agora.xtec.cat\/iesacumella\/wp-content\/uploads\/usu1642\/2015\/12\/IMG_0184-e1451170904294.jpg\" rel=\"attachment wp-att-2633\"><img loading=\"lazy\" decoding=\"async\" class=\"wp-image-2633 alignleft\" src=\"http:\/\/agora.xtec.cat\/iesacumella\/wp-content\/uploads\/usu1642\/2015\/12\/IMG_0184-e1451170904294-1024x733.jpg\" alt=\"IMG_0184\" width=\"378\" height=\"270\" srcset=\"https:\/\/agora.xtec.cat\/iesacumella\/wp-content\/uploads\/usu1642\/2015\/12\/IMG_0184-e1451170904294-1024x733.jpg 1024w, https:\/\/agora.xtec.cat\/iesacumella\/wp-content\/uploads\/usu1642\/2015\/12\/IMG_0184-e1451170904294-300x215.jpg 300w, https:\/\/agora.xtec.cat\/iesacumella\/wp-content\/uploads\/usu1642\/2015\/12\/IMG_0184-e1451170904294-768x550.jpg 768w\" sizes=\"auto, (max-width: 378px) 100vw, 378px\" \/><\/a>El 24 de novembre\u00a0a les 17:00h va tenir lloc al nostre institut el lliurament de diplomes <em>DELF scolaire<\/em> d\u2019aquest any, cerim\u00f2nia que va ser organitzada conjuntament entre l&#8217;Alliance Fran\u00e7aise\u00a0i el Departament d\u2019Ensenyament.<\/span><\/p>\n<p style=\"text-align: justify;\"><span lang=\"CA\">Els diplomes <em>DELF scolaire<\/em> (Dipl\u00f4me d\u2019Etudes en Langue Fran\u00e7aise) s\u2019adrecen a alumnes de secund\u00e0ria de centres p\u00fablics. Aquests certificats es reconeixen arreu del m\u00f3n i estan presents en 164 pa\u00efsos. A Catalunya, el DELF scolaire \u00e9s possible gr\u00e0cies a un acord entre les autoritats educatives franceses i catalanes.<\/span><\/p>\n<p style=\"text-align: justify;\">Donem l&#8217;enhorabona les nostres alumnes que van\u00a0recollir el diploma!<\/p>\n<p><a href=\"http:\/\/agora.xtec.cat\/iesacumella\/wp-content\/uploads\/usu1642\/2015\/12\/IMG_0211-e1451171024742.jpg\" rel=\"attachment wp-att-2636\"><img loading=\"lazy\" decoding=\"async\" class=\"wp-image-2636 aligncenter\" src=\"http:\/\/agora.xtec.cat\/iesacumella\/wp-content\/uploads\/usu1642\/2015\/12\/IMG_0211-e1451171024742-1024x625.jpg\" alt=\"IMG_0211\" width=\"595\" height=\"363\" srcset=\"https:\/\/agora.xtec.cat\/iesacumella\/wp-content\/uploads\/usu1642\/2015\/12\/IMG_0211-e1451171024742-1024x625.jpg 1024w, https:\/\/agora.xtec.cat\/iesacumella\/wp-content\/uploads\/usu1642\/2015\/12\/IMG_0211-e1451171024742-300x183.jpg 300w, https:\/\/agora.xtec.cat\/iesacumella\/wp-content\/uploads\/usu1642\/2015\/12\/IMG_0211-e1451171024742-768x469.jpg 768w\" sizes=\"auto, (max-width: 595px) 100vw, 595px\" \/><\/a><a href=\"http:\/\/agora.xtec.cat\/iesacumella\/wp-content\/uploads\/usu1642\/2015\/12\/IMG_0210-e1451171068296.jpg\" rel=\"attachment wp-att-2635\"> <img loading=\"lazy\" decoding=\"async\" class=\"wp-image-2635 aligncenter\" src=\"http:\/\/agora.xtec.cat\/iesacumella\/wp-content\/uploads\/usu1642\/2015\/12\/IMG_0210-e1451171068296-1024x707.jpg\" alt=\"IMG_0210\" width=\"601\" height=\"414\" srcset=\"https:\/\/agora.xtec.cat\/iesacumella\/wp-content\/uploads\/usu1642\/2015\/12\/IMG_0210-e1451171068296-1024x707.jpg 1024w, https:\/\/agora.xtec.cat\/iesacumella\/wp-content\/uploads\/usu1642\/2015\/12\/IMG_0210-e1451171068296-300x207.jpg 300w, https:\/\/agora.xtec.cat\/iesacumella\/wp-content\/uploads\/usu1642\/2015\/12\/IMG_0210-e1451171068296-768x530.jpg 768w\" sizes=\"auto, (max-width: 601px) 100vw, 601px\" \/><\/a><a href=\"http:\/\/agora.xtec.cat\/iesacumella\/wp-content\/uploads\/usu1642\/2015\/12\/IMG_0282.jpg\" rel=\"attachment wp-att-2637\"><img loading=\"lazy\" decoding=\"async\" class=\"wp-image-2637 aligncenter\" src=\"http:\/\/agora.xtec.cat\/iesacumella\/wp-content\/uploads\/usu1642\/2015\/12\/IMG_0282-1024x683.jpg\" alt=\"IMG_0282\" width=\"600\" height=\"400\" srcset=\"https:\/\/agora.xtec.cat\/iesacumella\/wp-content\/uploads\/usu1642\/2015\/12\/IMG_0282-1024x683.jpg 1024w, https:\/\/agora.xtec.cat\/iesacumella\/wp-content\/uploads\/usu1642\/2015\/12\/IMG_0282-300x200.jpg 300w, https:\/\/agora.xtec.cat\/iesacumella\/wp-content\/uploads\/usu1642\/2015\/12\/IMG_0282-768x512.jpg 768w\" sizes=\"auto, (max-width: 600px) 100vw, 600px\" \/><\/a><a href=\"http:\/\/agora.xtec.cat\/iesacumella\/wp-content\/uploads\/usu1642\/2015\/12\/IMG_0198-e1451171360473.jpg\" rel=\"attachment wp-att-2634\"><img loading=\"lazy\" decoding=\"async\" class=\"wp-image-2634 aligncenter\" src=\"http:\/\/agora.xtec.cat\/iesacumella\/wp-content\/uploads\/usu1642\/2015\/12\/IMG_0198-e1451171360473-1024x1018.jpg\" alt=\"IMG_0198\" width=\"478\" height=\"476\" srcset=\"https:\/\/agora.xtec.cat\/iesacumella\/wp-content\/uploads\/usu1642\/2015\/12\/IMG_0198-e1451171360473-1024x1018.jpg 1024w, https:\/\/agora.xtec.cat\/iesacumella\/wp-content\/uploads\/usu1642\/2015\/12\/IMG_0198-e1451171360473-150x150.jpg 150w, https:\/\/agora.xtec.cat\/iesacumella\/wp-content\/uploads\/usu1642\/2015\/12\/IMG_0198-e1451171360473-300x298.jpg 300w, https:\/\/agora.xtec.cat\/iesacumella\/wp-content\/uploads\/usu1642\/2015\/12\/IMG_0198-e1451171360473-768x764.jpg 768w\" sizes=\"auto, (max-width: 478px) 100vw, 478px\" \/><\/a><\/p>\n<p>&nbsp;<\/p>\n","protected":false},"excerpt":{"rendered":"<p><a href=\"http:\/\/agora.xtec.cat\/iesacumella\/wp-content\/uploads\/usu1642\/2015\/12\/IMG_0184-e1451170904294.jpg\" rel=\"attachment wp-att-2633\"><\/a>El 24 de novembre\u00a0a les 17:00h va tenir lloc al nostre institut el lliurament de diplomes DELF scolaire d\u2019aquest any, cerim\u00f2nia que va ser organitzada conjuntament entre l&#8217;Alliance Fran\u00e7aise\u00a0i el Departament d\u2019Ensenyament.<br \/>\nEls diplomes DELF scolaire (Dipl\u00f4me d\u2019Etudes en Langue Fran\u00e7aise) s\u2019adrecen a&hellip;  <a href=\"https:\/\/agora.xtec.cat\/iesacumella\/portada\/estudis\/batxillerat\/2631-2\/\" title=\"Read Lliurament de diplomes DELF scolaire\">Llegeix m\u00e9s\u00bb<\/a><\/p>\n","protected":false},"author":1,"featured_media":2637,"comment_status":"closed","ping_status":"closed","sticky":false,"template":"","format":"standard","meta":{"_bbp_topic_count":0,"_bbp_reply_count":0,"_bbp_total_topic_count":0,"_bbp_total_reply_count":0,"_bbp_voice_count":0,"_bbp_anonymous_reply_count":0,"_bbp_topic_count_hidden":0,"_bbp_reply_count_hidden":0,"_bbp_forum_subforum_count":0,"footnotes":""},"categories":[8,113],"tags":[],"class_list":["post-2631","post","type-post","status-publish","format-standard","has-post-thumbnail","hentry","category-batxillerat","category-llengues-estrangeres"],"post_mailing_queue_ids":[],"_links":{"self":[{"href":"https:\/\/agora.xtec.cat\/iesacumella\/wp-json\/wp\/v2\/posts\/2631","targetHints":{"allow":["GET"]}}],"collection":[{"href":"https:\/\/agora.xtec.cat\/iesacumella\/wp-json\/wp\/v2\/posts"}],"about":[{"href":"https:\/\/agora.xtec.cat\/iesacumella\/wp-json\/wp\/v2\/types\/post"}],"author":[{"embeddable":true,"href":"https:\/\/agora.xtec.cat\/iesacumella\/wp-json\/wp\/v2\/users\/1"}],"replies":[{"embeddable":true,"href":"https:\/\/agora.xtec.cat\/iesacumella\/wp-json\/wp\/v2\/comments?post=2631"}],"version-history":[{"count":0,"href":"https:\/\/agora.xtec.cat\/iesacumella\/wp-json\/wp\/v2\/posts\/2631\/revisions"}],"wp:featuredmedia":[{"embeddable":true,"href":"https:\/\/agora.xtec.cat\/iesacumella\/wp-json\/wp\/v2\/media\/2637"}],"wp:attachment":[{"href":"https:\/\/agora.xtec.cat\/iesacumella\/wp-json\/wp\/v2\/media?parent=2631"}],"wp:term":[{"taxonomy":"category","embeddable":true,"href":"https:\/\/agora.xtec.cat\/iesacumella\/wp-json\/wp\/v2\/categories?post=2631"},{"taxonomy":"post_tag","embeddable":true,"href":"https:\/\/agora.xtec.cat\/iesacumella\/wp-json\/wp\/v2\/tags?post=2631"}],"curies":[{"name":"wp","href":"https:\/\/api.w.org\/{rel}","templated":true}]}}