{"id":2611,"date":"2015-12-15T08:43:41","date_gmt":"2015-12-15T07:43:41","guid":{"rendered":"http:\/\/blog.iesacumella.cat\/?p=2611"},"modified":"2015-12-15T08:43:41","modified_gmt":"2015-12-15T07:43:41","slug":"lhora-del-codi","status":"publish","type":"post","link":"https:\/\/agora.xtec.cat\/iesacumella\/portada\/departaments\/tecnologia\/lhora-del-codi\/","title":{"rendered":"L`hora del codi"},"content":{"rendered":"<p>Els alumnes de 4rt d&#8217;ESO de la optativa de Tecnologia de l&#8217;Institut Antoni Cumella i els alumnes de 6\u00e8 A de l&#8217;escola de Primaria El Lledoner de Granollers, van participar el dijous 10 de desembre en un taller de programaci\u00f3 compartit, en el marc de l&#8217;hora del codi<\/p>\n<div>\nL&#8217;Hora de Codi esta organitzat per <a href=\"http:\/\/code.org\/\" target=\"_blank\">Code.org<\/a>, una organitzaci\u00f3 p\u00fablica 501c3 sense \u00e0nim de lucre dedicada a promoure la participaci\u00f3 en inform\u00e0tica fent-lo disponible a m\u00e9s escoles i incrementant la participaci\u00f3 de les dones i de les minories de estudiants de color.<\/p>\n<\/div>\n<div>Els alumnes de 4rt d&#8217;ESO van presentar una s\u00e8rie de tallers d&#8217;iniciaci\u00f3 a la programaci\u00f3 per tal d&#8217;ajudar a generar habilitats, l\u00f2gica i creativitat en la resoluci\u00f3 de problemes. Han analitzat diferents codis i llenguatges de comunicaci\u00f3 passant pel pensament computacional i la rob\u00f2tica,\u00a0 entenent finalment, com es comuniquen els ordinadors.<\/p>\n<\/div>\n<div>Aquests tallers formen part de la Maleta pedag\u00f2gica Univers Internet del CCCB <a href=\"http:\/\/www.cccbeducacio.org\/\" target=\"_blank\">http:\/\/www.cccbeducacio.org<\/a><\/p>\n<p>Comen\u00e7ant aviat en els seus aprenentatges inform\u00e0tics , els alumnes tindran els fonaments per tenir \u00e8xit en qualsevol carrera del segle XXI.<a href=\"http:\/\/agora.xtec.cat\/iesacumella\/wp-content\/uploads\/usu1642\/2015\/12\/DSC00057.jpg\"><img loading=\"lazy\" decoding=\"async\" class=\"alignnone  wp-image-2613\" src=\"http:\/\/agora.xtec.cat\/iesacumella\/wp-content\/uploads\/usu1642\/2015\/12\/DSC00057-1024x683.jpg\" alt=\"DSC00057\" width=\"571\" height=\"381\" srcset=\"https:\/\/agora.xtec.cat\/iesacumella\/wp-content\/uploads\/usu1642\/2015\/12\/DSC00057-1024x683.jpg 1024w, https:\/\/agora.xtec.cat\/iesacumella\/wp-content\/uploads\/usu1642\/2015\/12\/DSC00057-300x200.jpg 300w, https:\/\/agora.xtec.cat\/iesacumella\/wp-content\/uploads\/usu1642\/2015\/12\/DSC00057-768x512.jpg 768w\" sizes=\"auto, (max-width: 571px) 100vw, 571px\" \/><\/a> <a href=\"http:\/\/agora.xtec.cat\/iesacumella\/wp-content\/uploads\/usu1642\/2015\/12\/DSC00063.jpg\"><img loading=\"lazy\" decoding=\"async\" class=\"alignnone  wp-image-2614\" src=\"http:\/\/agora.xtec.cat\/iesacumella\/wp-content\/uploads\/usu1642\/2015\/12\/DSC00063-1024x683.jpg\" alt=\"DSC00063\" width=\"599\" height=\"399\" srcset=\"https:\/\/agora.xtec.cat\/iesacumella\/wp-content\/uploads\/usu1642\/2015\/12\/DSC00063-1024x683.jpg 1024w, https:\/\/agora.xtec.cat\/iesacumella\/wp-content\/uploads\/usu1642\/2015\/12\/DSC00063-300x200.jpg 300w, https:\/\/agora.xtec.cat\/iesacumella\/wp-content\/uploads\/usu1642\/2015\/12\/DSC00063-768x512.jpg 768w\" sizes=\"auto, (max-width: 599px) 100vw, 599px\" \/><\/a> <a href=\"http:\/\/agora.xtec.cat\/iesacumella\/wp-content\/uploads\/usu1642\/2015\/12\/DSC00064.jpg\"><img loading=\"lazy\" decoding=\"async\" class=\"alignnone  wp-image-2615\" src=\"http:\/\/agora.xtec.cat\/iesacumella\/wp-content\/uploads\/usu1642\/2015\/12\/DSC00064-1024x683.jpg\" alt=\"DSC00064\" width=\"602\" height=\"401\" srcset=\"https:\/\/agora.xtec.cat\/iesacumella\/wp-content\/uploads\/usu1642\/2015\/12\/DSC00064-1024x683.jpg 1024w, https:\/\/agora.xtec.cat\/iesacumella\/wp-content\/uploads\/usu1642\/2015\/12\/DSC00064-300x200.jpg 300w, https:\/\/agora.xtec.cat\/iesacumella\/wp-content\/uploads\/usu1642\/2015\/12\/DSC00064-768x512.jpg 768w\" sizes=\"auto, (max-width: 602px) 100vw, 602px\" \/><\/a> <a href=\"http:\/\/agora.xtec.cat\/iesacumella\/wp-content\/uploads\/usu1642\/2015\/12\/DSC00065.jpg\"><img loading=\"lazy\" decoding=\"async\" class=\"alignnone  wp-image-2616\" src=\"http:\/\/agora.xtec.cat\/iesacumella\/wp-content\/uploads\/usu1642\/2015\/12\/DSC00065-1024x683.jpg\" alt=\"DSC00065\" width=\"602\" height=\"401\" srcset=\"https:\/\/agora.xtec.cat\/iesacumella\/wp-content\/uploads\/usu1642\/2015\/12\/DSC00065-1024x683.jpg 1024w, https:\/\/agora.xtec.cat\/iesacumella\/wp-content\/uploads\/usu1642\/2015\/12\/DSC00065-300x200.jpg 300w, https:\/\/agora.xtec.cat\/iesacumella\/wp-content\/uploads\/usu1642\/2015\/12\/DSC00065-768x512.jpg 768w\" sizes=\"auto, (max-width: 602px) 100vw, 602px\" \/><\/a><\/div>\n","protected":false},"excerpt":{"rendered":"<p>Els alumnes de 4rt d&#8217;ESO de la optativa de Tecnologia de l&#8217;Institut Antoni Cumella i els alumnes de 6\u00e8 A de l&#8217;escola de Primaria El Lledoner de Granollers, van participar el dijous 10 de desembre en un taller de programaci\u00f3 compartit, en el marc de&hellip;  <a href=\"https:\/\/agora.xtec.cat\/iesacumella\/portada\/departaments\/tecnologia\/lhora-del-codi\/\" title=\"Read L`hora del codi\">Llegeix m\u00e9s\u00bb<\/a><\/p>\n","protected":false},"author":1,"featured_media":2616,"comment_status":"closed","ping_status":"closed","sticky":false,"template":"","format":"standard","meta":{"_bbp_topic_count":0,"_bbp_reply_count":0,"_bbp_total_topic_count":0,"_bbp_total_reply_count":0,"_bbp_voice_count":0,"_bbp_anonymous_reply_count":0,"_bbp_topic_count_hidden":0,"_bbp_reply_count_hidden":0,"_bbp_forum_subforum_count":0,"footnotes":""},"categories":[128,122],"tags":[],"class_list":["post-2611","post","type-post","status-publish","format-standard","has-post-thumbnail","hentry","category-4rt-eso","category-tecnologia"],"post_mailing_queue_ids":[],"_links":{"self":[{"href":"https:\/\/agora.xtec.cat\/iesacumella\/wp-json\/wp\/v2\/posts\/2611","targetHints":{"allow":["GET"]}}],"collection":[{"href":"https:\/\/agora.xtec.cat\/iesacumella\/wp-json\/wp\/v2\/posts"}],"about":[{"href":"https:\/\/agora.xtec.cat\/iesacumella\/wp-json\/wp\/v2\/types\/post"}],"author":[{"embeddable":true,"href":"https:\/\/agora.xtec.cat\/iesacumella\/wp-json\/wp\/v2\/users\/1"}],"replies":[{"embeddable":true,"href":"https:\/\/agora.xtec.cat\/iesacumella\/wp-json\/wp\/v2\/comments?post=2611"}],"version-history":[{"count":0,"href":"https:\/\/agora.xtec.cat\/iesacumella\/wp-json\/wp\/v2\/posts\/2611\/revisions"}],"wp:featuredmedia":[{"embeddable":true,"href":"https:\/\/agora.xtec.cat\/iesacumella\/wp-json\/wp\/v2\/media\/2616"}],"wp:attachment":[{"href":"https:\/\/agora.xtec.cat\/iesacumella\/wp-json\/wp\/v2\/media?parent=2611"}],"wp:term":[{"taxonomy":"category","embeddable":true,"href":"https:\/\/agora.xtec.cat\/iesacumella\/wp-json\/wp\/v2\/categories?post=2611"},{"taxonomy":"post_tag","embeddable":true,"href":"https:\/\/agora.xtec.cat\/iesacumella\/wp-json\/wp\/v2\/tags?post=2611"}],"curies":[{"name":"wp","href":"https:\/\/api.w.org\/{rel}","templated":true}]}}