{"id":2520,"date":"2015-10-29T14:00:22","date_gmt":"2015-10-29T13:00:22","guid":{"rendered":"http:\/\/blog.iesacumella.cat\/?p=2520"},"modified":"2015-10-29T14:00:22","modified_gmt":"2015-10-29T13:00:22","slug":"nova-aplicacio-de-comunicacio-amb-els-pares","status":"publish","type":"post","link":"https:\/\/agora.xtec.cat\/iesacumella\/portada\/ampa\/nova-aplicacio-de-comunicacio-amb-els-pares\/","title":{"rendered":"Nova aplicaci\u00f3 de comunicaci\u00f3 amb els pares"},"content":{"rendered":"<p style=\"text-align: justify;\">\u00a0<a href=\"http:\/\/agora.xtec.cat\/iesacumella\/wp-content\/uploads\/usu1642\/2015\/10\/Comunicapp.jpg\"><img loading=\"lazy\" decoding=\"async\" class=\"wp-image-2522 alignright\" src=\"http:\/\/agora.xtec.cat\/iesacumella\/wp-content\/uploads\/usu1642\/2015\/10\/Comunicapp.jpg\" alt=\"Comunicapp\" width=\"279\" height=\"279\" srcset=\"https:\/\/agora.xtec.cat\/iesacumella\/wp-content\/uploads\/usu1642\/2015\/10\/Comunicapp.jpg 1024w, https:\/\/agora.xtec.cat\/iesacumella\/wp-content\/uploads\/usu1642\/2015\/10\/Comunicapp-150x150.jpg 150w, https:\/\/agora.xtec.cat\/iesacumella\/wp-content\/uploads\/usu1642\/2015\/10\/Comunicapp-300x300.jpg 300w, https:\/\/agora.xtec.cat\/iesacumella\/wp-content\/uploads\/usu1642\/2015\/10\/Comunicapp-768x768.jpg 768w\" sizes=\"auto, (max-width: 279px) 100vw, 279px\" \/><\/a>Des de l&#8217;inici de curs fem servir un sistema de comunicats a l&#8217;institut mitjan\u00e7ant una aplicaci\u00f3 de m\u00f2bil.<\/p>\n<p style=\"text-align: justify;\">L&#8217;aplicaci\u00f3 permet una <strong>comunicaci\u00f3 directa entre el centre i els seus alumnes o pares\/mares dels alumnes<\/strong>. Permetr\u00e0 agilitzar aquesta comunicaci\u00f3, ja que es podran enviar tot tipus de comunicats, tant individualitzats per alumne com per grups o per tots els alumnes de l&#8217;institut.<\/p>\n<p style=\"text-align: justify;\"><img loading=\"lazy\" decoding=\"async\" class=\"wp-image-2523 alignleft\" src=\"http:\/\/agora.xtec.cat\/iesacumella\/wp-content\/uploads\/usu1642\/2015\/10\/screen-2.jpg\" alt=\"screen 2\" width=\"131\" height=\"233\" srcset=\"https:\/\/agora.xtec.cat\/iesacumella\/wp-content\/uploads\/usu1642\/2015\/10\/screen-2.jpg 288w, https:\/\/agora.xtec.cat\/iesacumella\/wp-content\/uploads\/usu1642\/2015\/10\/screen-2-169x300.jpg 169w\" sizes=\"auto, (max-width: 131px) 100vw, 131px\" \/>La seva instal\u00b7laci\u00f3 \u00e9s totalment gratu\u00efta i el seu funcionament \u00e9s molt senzill.<img loading=\"lazy\" decoding=\"async\" class=\"wp-image-2524 alignright\" src=\"http:\/\/agora.xtec.cat\/iesacumella\/wp-content\/uploads\/usu1642\/2015\/10\/screen-1.jpeg\" alt=\"screen 1\" width=\"135\" height=\"239\" srcset=\"https:\/\/agora.xtec.cat\/iesacumella\/wp-content\/uploads\/usu1642\/2015\/10\/screen-1.jpeg 320w, https:\/\/agora.xtec.cat\/iesacumella\/wp-content\/uploads\/usu1642\/2015\/10\/screen-1-169x300.jpeg 169w\" sizes=\"auto, (max-width: 135px) 100vw, 135px\" \/><\/p>\n<p style=\"text-align: justify;\">\nConsta d&#8217;una primera plana de registre on s&#8217;identifica l&#8217;usuari.<\/p>\n<p style=\"text-align: justify;\">\nA continuaci\u00f3 apareix un men\u00fa amb quatre opcions: secci\u00f3 de comunicats enviats per l&#8217;escola -ja siguin comunicats generals o personalitzats-, secci\u00f3 &#8220;Acc\u00e9s blog&#8221; amb l&#8217;acc\u00e9s directe al blog del centre, secci\u00f3 &#8220;Contacta&#8221; amb les dades de contacte de l&#8217;Institut i secci\u00f3 &#8220;Acc\u00e9s professorat&#8221; d&#8217;us intern per als docents.<\/p>\n<p style=\"text-align: justify;\"><strong><br \/>\nPer a instal\u00b7lar-la<\/strong> simplement s&#8217;ha de\u00a0buscar &#8220;CUMELLA&#8221; al <span style=\"text-decoration: underline;\">Google Play<\/span> (Android) o al <span style=\"text-decoration: underline;\">AppStore<\/span> (Iphone) i descarregar-la al vostra m\u00f2bil. o, simplement, clicar a les icones seg\u00fcents:<a href=\"https:\/\/play.google.com\/store\/apps\/details?id=com.dumainteractiva.insac&amp;hl=es\" target=\"_blank\"><img loading=\"lazy\" decoding=\"async\" class=\"wp-image-2494\" src=\"http:\/\/agora.xtec.cat\/iesacumella\/wp-content\/uploads\/usu1642\/2015\/10\/google_play_store_logo.jpg\" alt=\"google_play_store_logo\" width=\"83\" height=\"62\" srcset=\"https:\/\/agora.xtec.cat\/iesacumella\/wp-content\/uploads\/usu1642\/2015\/10\/google_play_store_logo.jpg 1000w, https:\/\/agora.xtec.cat\/iesacumella\/wp-content\/uploads\/usu1642\/2015\/10\/google_play_store_logo-300x225.jpg 300w, https:\/\/agora.xtec.cat\/iesacumella\/wp-content\/uploads\/usu1642\/2015\/10\/google_play_store_logo-768x576.jpg 768w, https:\/\/agora.xtec.cat\/iesacumella\/wp-content\/uploads\/usu1642\/2015\/10\/google_play_store_logo-200x150.jpg 200w\" sizes=\"auto, (max-width: 83px) 100vw, 83px\" \/><\/a><a href=\"https:\/\/itunes.apple.com\/es\/app\/id996889772?mt=8\" target=\"_blank\"><img loading=\"lazy\" decoding=\"async\" class=\"wp-image-2495\" src=\"http:\/\/agora.xtec.cat\/iesacumella\/wp-content\/uploads\/usu1642\/2015\/10\/app-store.png\" alt=\"app store\" width=\"142\" height=\"45\" srcset=\"https:\/\/agora.xtec.cat\/iesacumella\/wp-content\/uploads\/usu1642\/2015\/10\/app-store.png 600w, https:\/\/agora.xtec.cat\/iesacumella\/wp-content\/uploads\/usu1642\/2015\/10\/app-store-300x95.png 300w\" sizes=\"auto, (max-width: 142px) 100vw, 142px\" \/><\/a><\/p>\n<p style=\"text-align: justify;\">\n<p style=\"text-align: justify;\">\n<p style=\"text-align: justify;\"><a href=\"https:\/\/play.google.com\/store\/apps\/details?id=com.dumainteractiva.insac&amp;hl=es\" target=\"_blank\"><\/p>\n<p><\/a><\/p>\n<p>&nbsp;<\/p>\n<p>&nbsp;<\/p>\n<p>&nbsp;<\/p>\n<p>&nbsp;<\/p>\n","protected":false},"excerpt":{"rendered":"<p>\u00a0<a href=\"http:\/\/agora.xtec.cat\/iesacumella\/wp-content\/uploads\/usu1642\/2015\/10\/Comunicapp.jpg\"><\/a>Des de l&#8217;inici de curs fem servir un sistema de comunicats a l&#8217;institut mitjan\u00e7ant una aplicaci\u00f3 de m\u00f2bil.<br \/>\nL&#8217;aplicaci\u00f3 permet una comunicaci\u00f3 directa entre el centre i els seus alumnes o pares\/mares dels alumnes. Permetr\u00e0 agilitzar aquesta comunicaci\u00f3, ja que es podran enviar tot tipus&hellip;  <a href=\"https:\/\/agora.xtec.cat\/iesacumella\/portada\/ampa\/nova-aplicacio-de-comunicacio-amb-els-pares\/\" title=\"Read Nova aplicaci\u00f3 de comunicaci\u00f3 amb els pares\">Llegeix m\u00e9s\u00bb<\/a><\/p>\n","protected":false},"author":1,"featured_media":2522,"comment_status":"closed","ping_status":"closed","sticky":false,"template":"","format":"standard","meta":{"_bbp_topic_count":0,"_bbp_reply_count":0,"_bbp_total_topic_count":0,"_bbp_total_reply_count":0,"_bbp_voice_count":0,"_bbp_anonymous_reply_count":0,"_bbp_topic_count_hidden":0,"_bbp_reply_count_hidden":0,"_bbp_forum_subforum_count":0,"footnotes":""},"categories":[31],"tags":[],"class_list":["post-2520","post","type-post","status-publish","format-standard","has-post-thumbnail","hentry","category-ampa"],"post_mailing_queue_ids":[],"_links":{"self":[{"href":"https:\/\/agora.xtec.cat\/iesacumella\/wp-json\/wp\/v2\/posts\/2520","targetHints":{"allow":["GET"]}}],"collection":[{"href":"https:\/\/agora.xtec.cat\/iesacumella\/wp-json\/wp\/v2\/posts"}],"about":[{"href":"https:\/\/agora.xtec.cat\/iesacumella\/wp-json\/wp\/v2\/types\/post"}],"author":[{"embeddable":true,"href":"https:\/\/agora.xtec.cat\/iesacumella\/wp-json\/wp\/v2\/users\/1"}],"replies":[{"embeddable":true,"href":"https:\/\/agora.xtec.cat\/iesacumella\/wp-json\/wp\/v2\/comments?post=2520"}],"version-history":[{"count":0,"href":"https:\/\/agora.xtec.cat\/iesacumella\/wp-json\/wp\/v2\/posts\/2520\/revisions"}],"wp:featuredmedia":[{"embeddable":true,"href":"https:\/\/agora.xtec.cat\/iesacumella\/wp-json\/wp\/v2\/media\/2522"}],"wp:attachment":[{"href":"https:\/\/agora.xtec.cat\/iesacumella\/wp-json\/wp\/v2\/media?parent=2520"}],"wp:term":[{"taxonomy":"category","embeddable":true,"href":"https:\/\/agora.xtec.cat\/iesacumella\/wp-json\/wp\/v2\/categories?post=2520"},{"taxonomy":"post_tag","embeddable":true,"href":"https:\/\/agora.xtec.cat\/iesacumella\/wp-json\/wp\/v2\/tags?post=2520"}],"curies":[{"name":"wp","href":"https:\/\/api.w.org\/{rel}","templated":true}]}}