{"id":2332,"date":"2015-07-06T16:19:23","date_gmt":"2015-07-06T15:19:23","guid":{"rendered":"http:\/\/blog.iesacumella.cat\/?p=2332"},"modified":"2015-07-06T16:19:23","modified_gmt":"2015-07-06T15:19:23","slug":"examens-de-recuperacio-de-setembre-2015","status":"publish","type":"post","link":"https:\/\/agora.xtec.cat\/iesacumella\/portada\/estudis\/batxillerat\/examens-de-recuperacio-de-setembre-2015\/","title":{"rendered":"Ex\u00e0mens de recuperaci\u00f3 de setembre 2015"},"content":{"rendered":"<p>Els horaris dels ex\u00e0mens de recuperaci\u00f3 de setembre per a la ESO i Batxillerat son els seg\u00fcents:<\/p>\n<p><a href=\"http:\/\/agora.xtec.cat\/iesacumella\/wp-content\/uploads\/usu1642\/2015\/07\/examens-setembre-2015-ESO.jpg\"><img loading=\"lazy\" decoding=\"async\" class=\"alignnone  wp-image-2342\" src=\"http:\/\/agora.xtec.cat\/iesacumella\/wp-content\/uploads\/usu1642\/2015\/07\/examens-setembre-2015-ESO.jpg\" alt=\"examens setembre 2015 - ESO\" width=\"641\" height=\"304\" srcset=\"https:\/\/agora.xtec.cat\/iesacumella\/wp-content\/uploads\/usu1642\/2015\/07\/examens-setembre-2015-ESO.jpg 904w, https:\/\/agora.xtec.cat\/iesacumella\/wp-content\/uploads\/usu1642\/2015\/07\/examens-setembre-2015-ESO-300x142.jpg 300w, https:\/\/agora.xtec.cat\/iesacumella\/wp-content\/uploads\/usu1642\/2015\/07\/examens-setembre-2015-ESO-768x364.jpg 768w\" sizes=\"auto, (max-width: 641px) 100vw, 641px\" \/><img loading=\"lazy\" decoding=\"async\" class=\"alignnone  wp-image-2341\" src=\"http:\/\/agora.xtec.cat\/iesacumella\/wp-content\/uploads\/usu1642\/2015\/07\/examens-setembre-2015-BATX.jpg\" alt=\"examens setembre 2015 - BATX\" width=\"640\" height=\"331\" srcset=\"https:\/\/agora.xtec.cat\/iesacumella\/wp-content\/uploads\/usu1642\/2015\/07\/examens-setembre-2015-BATX.jpg 897w, https:\/\/agora.xtec.cat\/iesacumella\/wp-content\/uploads\/usu1642\/2015\/07\/examens-setembre-2015-BATX-300x155.jpg 300w, https:\/\/agora.xtec.cat\/iesacumella\/wp-content\/uploads\/usu1642\/2015\/07\/examens-setembre-2015-BATX-768x397.jpg 768w\" sizes=\"auto, (max-width: 640px) 100vw, 640px\" \/><\/a><\/p>\n","protected":false},"excerpt":{"rendered":"<p>Els horaris dels ex\u00e0mens de recuperaci\u00f3 de setembre per a la ESO i Batxillerat son els seg\u00fcents:<br \/>\n<a href=\"http:\/\/agora.xtec.cat\/iesacumella\/wp-content\/uploads\/usu1642\/2015\/07\/examens-setembre-2015-ESO.jpg\"><\/a><\/p>\n","protected":false},"author":1,"featured_media":2337,"comment_status":"closed","ping_status":"closed","sticky":false,"template":"","format":"standard","meta":{"_bbp_topic_count":0,"_bbp_reply_count":0,"_bbp_total_topic_count":0,"_bbp_total_reply_count":0,"_bbp_voice_count":0,"_bbp_anonymous_reply_count":0,"_bbp_topic_count_hidden":0,"_bbp_reply_count_hidden":0,"_bbp_forum_subforum_count":0,"footnotes":""},"categories":[125,126,127,128,8],"tags":[],"class_list":["post-2332","post","type-post","status-publish","format-standard","has-post-thumbnail","hentry","category-1r-eso","category-2n-eso","category-3r-eso","category-4rt-eso","category-batxillerat"],"post_mailing_queue_ids":[],"_links":{"self":[{"href":"https:\/\/agora.xtec.cat\/iesacumella\/wp-json\/wp\/v2\/posts\/2332","targetHints":{"allow":["GET"]}}],"collection":[{"href":"https:\/\/agora.xtec.cat\/iesacumella\/wp-json\/wp\/v2\/posts"}],"about":[{"href":"https:\/\/agora.xtec.cat\/iesacumella\/wp-json\/wp\/v2\/types\/post"}],"author":[{"embeddable":true,"href":"https:\/\/agora.xtec.cat\/iesacumella\/wp-json\/wp\/v2\/users\/1"}],"replies":[{"embeddable":true,"href":"https:\/\/agora.xtec.cat\/iesacumella\/wp-json\/wp\/v2\/comments?post=2332"}],"version-history":[{"count":0,"href":"https:\/\/agora.xtec.cat\/iesacumella\/wp-json\/wp\/v2\/posts\/2332\/revisions"}],"wp:featuredmedia":[{"embeddable":true,"href":"https:\/\/agora.xtec.cat\/iesacumella\/wp-json\/wp\/v2\/media\/2337"}],"wp:attachment":[{"href":"https:\/\/agora.xtec.cat\/iesacumella\/wp-json\/wp\/v2\/media?parent=2332"}],"wp:term":[{"taxonomy":"category","embeddable":true,"href":"https:\/\/agora.xtec.cat\/iesacumella\/wp-json\/wp\/v2\/categories?post=2332"},{"taxonomy":"post_tag","embeddable":true,"href":"https:\/\/agora.xtec.cat\/iesacumella\/wp-json\/wp\/v2\/tags?post=2332"}],"curies":[{"name":"wp","href":"https:\/\/api.w.org\/{rel}","templated":true}]}}