{"id":2132,"date":"2015-06-09T18:26:43","date_gmt":"2015-06-09T17:26:43","guid":{"rendered":"http:\/\/blog.iesacumella.cat\/?p=2132"},"modified":"2015-06-09T18:26:43","modified_gmt":"2015-06-09T17:26:43","slug":"sortida-a-collioure","status":"publish","type":"post","link":"https:\/\/agora.xtec.cat\/iesacumella\/portada\/departaments\/llengues-estrangeres\/sortida-a-collioure\/","title":{"rendered":"SORTIDA A COLLIOURE"},"content":{"rendered":"<p><!--:ca--><\/p>\n<p style=\"text-align: justify;\">El passat dia 22 de maig els alumnes de franc\u00e8s de 1r i 2n d\u2019ESO \u00a0van anar \u00a0a\u00a0Collioure, on \u00a0van visitar <strong><span style=\"color: #3366ff;\">le Ch\u00e2t<\/span><\/strong><strong><span style=\"color: #3366ff;\">eau Royal,<\/span> <span style=\"color: #ff6600;\">la\u00a0tomba\u00a0de\u00a0Machado\u00a0<\/span><\/strong> i van passejar pels carrers\u00a0 gaudint d\u2019unes vistes meravelloses sobre el mar.<\/p>\n<p><img loading=\"lazy\" decoding=\"async\" class=\"alignnone size-medium wp-image-2139\" src=\"http:\/\/agora.xtec.cat\/iesacumella\/wp-content\/uploads\/usu1642\/2015\/06\/Photo_Collioure_2015-300x245.jpg\" alt=\"Photo_Collioure_2015\" width=\"300\" height=\"245\" \/>\u00a0 \u00a0 \u00a0 \u00a0 \u00a0 \u00a0 \u00a0 \u00a0 \u00a0<img loading=\"lazy\" decoding=\"async\" class=\"size-medium wp-image-2137 alignnone\" src=\"http:\/\/agora.xtec.cat\/iesacumella\/wp-content\/uploads\/usu1642\/2015\/06\/Photo_Collioure_2015-3-300x224.jpg\" alt=\"Photo_Collioure_2015 (3)\" width=\"300\" height=\"224\" srcset=\"https:\/\/agora.xtec.cat\/iesacumella\/wp-content\/uploads\/usu1642\/2015\/06\/Photo_Collioure_2015-3-300x224.jpg 300w, https:\/\/agora.xtec.cat\/iesacumella\/wp-content\/uploads\/usu1642\/2015\/06\/Photo_Collioure_2015-3-768x574.jpg 768w, https:\/\/agora.xtec.cat\/iesacumella\/wp-content\/uploads\/usu1642\/2015\/06\/Photo_Collioure_2015-3-1024x765.jpg 1024w, https:\/\/agora.xtec.cat\/iesacumella\/wp-content\/uploads\/usu1642\/2015\/06\/Photo_Collioure_2015-3-200x150.jpg 200w\" sizes=\"auto, (max-width: 300px) 100vw, 300px\" \/><img loading=\"lazy\" decoding=\"async\" class=\"size-medium wp-image-2136 alignright\" src=\"http:\/\/agora.xtec.cat\/iesacumella\/wp-content\/uploads\/usu1642\/2015\/06\/Photo_Tombeau_Machado-300x225.jpg\" alt=\"Photo_Tombeau_Machado\" width=\"300\" height=\"225\" srcset=\"https:\/\/agora.xtec.cat\/iesacumella\/wp-content\/uploads\/usu1642\/2015\/06\/Photo_Tombeau_Machado-300x225.jpg 300w, https:\/\/agora.xtec.cat\/iesacumella\/wp-content\/uploads\/usu1642\/2015\/06\/Photo_Tombeau_Machado-768x576.jpg 768w, https:\/\/agora.xtec.cat\/iesacumella\/wp-content\/uploads\/usu1642\/2015\/06\/Photo_Tombeau_Machado-1024x768.jpg 1024w, https:\/\/agora.xtec.cat\/iesacumella\/wp-content\/uploads\/usu1642\/2015\/06\/Photo_Tombeau_Machado-200x150.jpg 200w\" sizes=\"auto, (max-width: 300px) 100vw, 300px\" \/><\/p>\n<p style=\"text-align: justify;\">Voici ce qu&#8217;ils ont \u00e9crit\u00a0: \u00a0 \u00a0 \u00a0 \u00a0 \u00a0 \u00a0 \u00a0 \u00a0 \u00a0 \u00a0 \u00a0 \u00a0 \u00a0 \u00a0 \u00a0 \u00a0 \u00a0 \u00a0 \u00a0 \u00a0 \u00a0 \u00a0 \u00a0 \u00a0 \u00a0 \u00a0 \u00a0 \u00a0 \u00a0 \u00a0 \u00a0 \u00a0 \u00a0 \u00a0 \u00a0 \u00a0 \u00a0 \u00a0 \u00a0 \u00a0 \u00a0 \u00a0 \u00a0 \u00a0 \u00a0 \u00a0 \u00a0 \u00a0 \u00a0 \u00ab\u00a0<i>Le vendredi pass\u00e9, nous sommes partis en France, \u00e0 Collioure. Collioure est une ville tr\u00e8s belle et touristique. Nous avons pass\u00e9 un bon moment \u00a0l\u00e0-bas. On a quitt\u00e9 ici \u00e0 8 heures et arriv\u00e9s \u00e0 Collioure vers 11 heures. Nous avons visit\u00e9 le tombeau d\u2019un po\u00e8te espagnol qui s\u2019appelait Antonio Machado, apr\u00e8s nous sommes partis \u00e0 la plage, nous nous sommes promen\u00e9s, nous avons achet\u00e9 et mang\u00e9 sur le sable.<\/i><\/p>\n<p style=\"text-align: justify;\"><i>Nous avons visit\u00e9 aussi l\u2019office de tourisme et puis le Ch\u00e2teau Royal. Enfin, nous sommes repartis, le voyage a \u00e9t\u00e9 merveilleux. Si c\u2019\u00e9tait \u00e0 refaire, nous le ferions sans h\u00e9siter\u00a0!!\u00a0<\/i><i><\/i><\/p>\n<p style=\"text-align: center;\"><i>\u00a0<\/i><\/p>\n<p><!--:--><\/p>\n","protected":false},"excerpt":{"rendered":"<p>El passat dia 22 de maig els alumnes de franc\u00e8s de 1r i 2n d\u2019ESO \u00a0van anar \u00a0a\u00a0Collioure, on \u00a0van visitar le Ch\u00e2teau Royal, la\u00a0tomba\u00a0de\u00a0Machado\u00a0 i van passejar pels carrers\u00a0 gaudint d\u2019unes vistes meravelloses sobre el mar.<br \/>\n\u00a0 \u00a0 \u00a0 \u00a0 \u00a0 \u00a0 \u00a0 \u00a0 \u00a0<br \/>\nVoici&hellip;  <a href=\"https:\/\/agora.xtec.cat\/iesacumella\/portada\/departaments\/llengues-estrangeres\/sortida-a-collioure\/\" title=\"Read SORTIDA A COLLIOURE\">Llegeix m\u00e9s\u00bb<\/a><\/p>\n","protected":false},"author":1,"featured_media":2140,"comment_status":"closed","ping_status":"closed","sticky":false,"template":"","format":"standard","meta":{"_bbp_topic_count":0,"_bbp_reply_count":0,"_bbp_total_topic_count":0,"_bbp_total_reply_count":0,"_bbp_voice_count":0,"_bbp_anonymous_reply_count":0,"_bbp_topic_count_hidden":0,"_bbp_reply_count_hidden":0,"_bbp_forum_subforum_count":0,"footnotes":""},"categories":[113],"tags":[],"class_list":["post-2132","post","type-post","status-publish","format-standard","has-post-thumbnail","hentry","category-llengues-estrangeres"],"post_mailing_queue_ids":[],"_links":{"self":[{"href":"https:\/\/agora.xtec.cat\/iesacumella\/wp-json\/wp\/v2\/posts\/2132","targetHints":{"allow":["GET"]}}],"collection":[{"href":"https:\/\/agora.xtec.cat\/iesacumella\/wp-json\/wp\/v2\/posts"}],"about":[{"href":"https:\/\/agora.xtec.cat\/iesacumella\/wp-json\/wp\/v2\/types\/post"}],"author":[{"embeddable":true,"href":"https:\/\/agora.xtec.cat\/iesacumella\/wp-json\/wp\/v2\/users\/1"}],"replies":[{"embeddable":true,"href":"https:\/\/agora.xtec.cat\/iesacumella\/wp-json\/wp\/v2\/comments?post=2132"}],"version-history":[{"count":0,"href":"https:\/\/agora.xtec.cat\/iesacumella\/wp-json\/wp\/v2\/posts\/2132\/revisions"}],"wp:featuredmedia":[{"embeddable":true,"href":"https:\/\/agora.xtec.cat\/iesacumella\/wp-json\/wp\/v2\/media\/2140"}],"wp:attachment":[{"href":"https:\/\/agora.xtec.cat\/iesacumella\/wp-json\/wp\/v2\/media?parent=2132"}],"wp:term":[{"taxonomy":"category","embeddable":true,"href":"https:\/\/agora.xtec.cat\/iesacumella\/wp-json\/wp\/v2\/categories?post=2132"},{"taxonomy":"post_tag","embeddable":true,"href":"https:\/\/agora.xtec.cat\/iesacumella\/wp-json\/wp\/v2\/tags?post=2132"}],"curies":[{"name":"wp","href":"https:\/\/api.w.org\/{rel}","templated":true}]}}