{"id":2108,"date":"2015-05-13T15:41:12","date_gmt":"2015-05-13T14:41:12","guid":{"rendered":"http:\/\/blog.iesacumella.cat\/?p=2108"},"modified":"2015-05-13T15:41:12","modified_gmt":"2015-05-13T14:41:12","slug":"paraules-x-8-espais","status":"publish","type":"post","link":"https:\/\/agora.xtec.cat\/iesacumella\/portada\/general\/paraules-x-8-espais\/","title":{"rendered":"Paraules X 8 espais"},"content":{"rendered":"<p><!--:ca--><a href=\"http:\/\/agora.xtec.cat\/iesacumella\/wp-content\/uploads\/usu1642\/2015\/05\/robert2.jpg\"><img loading=\"lazy\" decoding=\"async\" class=\"alignnone size-medium wp-image-2106\" alt=\"robert2\" src=\"http:\/\/agora.xtec.cat\/iesacumella\/wp-content\/uploads\/usu1642\/2015\/05\/robert2-300x168.jpg\" width=\"300\" height=\"168\" \/><\/a><\/p>\n<p>Com cada any, els nois i noies de segon d&#8217;ESO de la nostra localitat, vam ser convocats al certamen literari &#8220;Paraules X 8 espais&#8221;.<\/p>\n<p>Vuit espais significatius de Granollers s\u00f3n repartits entre els diferents instituts. Despr\u00e9s d&#8217;escoltar atentament la hist\u00f2ria, passada i actual, que ens ofereix amb rigorositat i passi\u00f3, la Cinta Cantarell i de fotografiar-los sota l&#8217;atenta mirada d&#8217;en Pere Cornelles, fot\u00f2graf granoller\u00ed, &#8230; arriba la tasca dels i de les estudiants.<\/p>\n<p>Relats breus plens d&#8217;amor, sensibilitat, records, &#8230;<\/p>\n<p>Enguany el nostre institut ha estat molt b\u00e9 representat amb un entranyable escrit d&#8217;en <b>Robert Tena <\/b>&#8220;- Felicitats, Robert&#8221; i tamb\u00e9 amb una art\u00edstica fotografia de l&#8217;<b>Ouassima El Kallachi<\/b> &#8220;-Felicitats, Ouassima&#8221;.<\/p>\n<p>Des de tot l&#8217;equip de professorat de l&#8217;Antoni Cumella,<\/p>\n<p>Felicitats a tots dos i moltes gr\u00e0cies per fer-ho tan b\u00e9.<\/p>\n<p><a href=\"http:\/\/agora.xtec.cat\/iesacumella\/wp-content\/uploads\/usu1642\/2015\/05\/robert3.jpg\"><img loading=\"lazy\" decoding=\"async\" class=\"alignnone size-medium wp-image-2107\" alt=\"robert3\" src=\"http:\/\/agora.xtec.cat\/iesacumella\/wp-content\/uploads\/usu1642\/2015\/05\/robert3-168x300.jpg\" width=\"168\" height=\"300\" \/><\/a> <a href=\"http:\/\/agora.xtec.cat\/iesacumella\/wp-content\/uploads\/usu1642\/2015\/05\/robert1.jpg\"><img loading=\"lazy\" decoding=\"async\" class=\"alignnone size-medium wp-image-2105\" alt=\"robert1\" src=\"http:\/\/agora.xtec.cat\/iesacumella\/wp-content\/uploads\/usu1642\/2015\/05\/robert1-168x300.jpg\" width=\"168\" height=\"300\" \/><\/a><!--:--><\/p>\n","protected":false},"excerpt":{"rendered":"<p><a href=\"http:\/\/agora.xtec.cat\/iesacumella\/wp-content\/uploads\/usu1642\/2015\/05\/robert2.jpg\"><\/a><br \/>\nCom cada any, els nois i noies de segon d&#8217;ESO de la nostra localitat, vam ser convocats al certamen literari &#8220;Paraules X 8 espais&#8221;.<br \/>\nVuit espais significatius de Granollers s\u00f3n repartits entre els diferents instituts. Despr\u00e9s d&#8217;escoltar atentament la hist\u00f2ria, passada i actual, que ens&hellip;  <a href=\"https:\/\/agora.xtec.cat\/iesacumella\/portada\/general\/paraules-x-8-espais\/\" title=\"Read Paraules X 8 espais\">Llegeix m\u00e9s\u00bb<\/a><\/p>\n","protected":false},"author":1,"featured_media":2106,"comment_status":"closed","ping_status":"closed","sticky":false,"template":"","format":"standard","meta":{"_bbp_topic_count":0,"_bbp_reply_count":0,"_bbp_total_topic_count":0,"_bbp_total_reply_count":0,"_bbp_voice_count":0,"_bbp_anonymous_reply_count":0,"_bbp_topic_count_hidden":0,"_bbp_reply_count_hidden":0,"_bbp_forum_subforum_count":0,"footnotes":""},"categories":[1],"tags":[],"class_list":["post-2108","post","type-post","status-publish","format-standard","has-post-thumbnail","hentry","category-general"],"post_mailing_queue_ids":[],"_links":{"self":[{"href":"https:\/\/agora.xtec.cat\/iesacumella\/wp-json\/wp\/v2\/posts\/2108","targetHints":{"allow":["GET"]}}],"collection":[{"href":"https:\/\/agora.xtec.cat\/iesacumella\/wp-json\/wp\/v2\/posts"}],"about":[{"href":"https:\/\/agora.xtec.cat\/iesacumella\/wp-json\/wp\/v2\/types\/post"}],"author":[{"embeddable":true,"href":"https:\/\/agora.xtec.cat\/iesacumella\/wp-json\/wp\/v2\/users\/1"}],"replies":[{"embeddable":true,"href":"https:\/\/agora.xtec.cat\/iesacumella\/wp-json\/wp\/v2\/comments?post=2108"}],"version-history":[{"count":0,"href":"https:\/\/agora.xtec.cat\/iesacumella\/wp-json\/wp\/v2\/posts\/2108\/revisions"}],"wp:featuredmedia":[{"embeddable":true,"href":"https:\/\/agora.xtec.cat\/iesacumella\/wp-json\/wp\/v2\/media\/2106"}],"wp:attachment":[{"href":"https:\/\/agora.xtec.cat\/iesacumella\/wp-json\/wp\/v2\/media?parent=2108"}],"wp:term":[{"taxonomy":"category","embeddable":true,"href":"https:\/\/agora.xtec.cat\/iesacumella\/wp-json\/wp\/v2\/categories?post=2108"},{"taxonomy":"post_tag","embeddable":true,"href":"https:\/\/agora.xtec.cat\/iesacumella\/wp-json\/wp\/v2\/tags?post=2108"}],"curies":[{"name":"wp","href":"https:\/\/api.w.org\/{rel}","templated":true}]}}