{"id":2051,"date":"2015-04-13T09:26:09","date_gmt":"2015-04-13T08:26:09","guid":{"rendered":"http:\/\/blog.iesacumella.cat\/?p=2051"},"modified":"2015-04-13T09:26:09","modified_gmt":"2015-04-13T08:26:09","slug":"concurs-de-fotografia-matematica-2","status":"publish","type":"post","link":"https:\/\/agora.xtec.cat\/iesacumella\/portada\/general\/concurs-de-fotografia-matematica-2\/","title":{"rendered":"CONCURS DE FOTOGRAFIA MATEM\u00c0TICA. SANT JORDI 2015"},"content":{"rendered":"<p><!--:ca--><\/p>\n<div>\n<p style=\"text-align: center\"><a href=\"http:\/\/agora.xtec.cat\/iesacumella\/wp-content\/uploads\/usu1642\/2015\/04\/girasol2.jpg\"><img loading=\"lazy\" decoding=\"async\" class=\"alignnone size-medium wp-image-2058\" alt=\"girasol2\" src=\"http:\/\/agora.xtec.cat\/iesacumella\/wp-content\/uploads\/usu1642\/2015\/04\/girasol2-300x224.jpg\" width=\"231\" height=\"172\" \/><\/a><\/p>\n<p>L\u2019institut Antoni Cumella de Granollers organitza el concurs de fotografia matem\u00e0tica on hi poden participar tot els alumnes del centre, organitzat en dues categories i on cada participant podr\u00e0 presentar com a m\u00e0xim tres fotografies, on cada fotografia haur\u00e0 de dur un t\u00edtol que faci refer\u00e8ncia al contingut matem\u00e0tic de l\u2019obra, amb gr\u00e0cia i originalitat.<\/p>\n<p>La data m\u00e0xima per presentar-les \u00e9s el proper dilluns 20 d\u2019abril i el lliurament de premis ser\u00e0 a la diada de Sant Jordi<\/p>\n<p>Las bases del concurs estan explicades en el seg\u00fcent document: bases del concurs 2015<\/p>\n<p>1. Hi podran participar tot l&#8217;alumnat de l&#8217;Institut Antoni Cumella<\/p>\n<p>2. Hi haur\u00e0 dues categories:<\/p>\n<p>\u2022 C1) 1r i 2n d&#8217;ESO<\/p>\n<p>\u2022 C2) 3r, 4t d&#8217;ESO i Batxillerat<\/p>\n<p>3. Cada concursant presentar\u00e0 com a m\u00e0xim tres fotografies.<\/p>\n<p>4. Cada foto haur\u00e0 de dur un t\u00edtol que faci refer\u00e8ncia, d\u2019alguna manera, al \u00a0contingut matem\u00e0tic de l\u2019obra, amb gr\u00e0cia i originalitat.<\/p>\n<p>5. Els participants cedeixen els drets de publicaci\u00f3 de les fotos.<\/p>\n<p>6. Les fotografies han de ser fetes pels participants, no es poden fer fotomuntatges ni baixar-les d&#8217;internet i cal que les fotos siguin els originals.<\/p>\n<p>7. S&#8217;haur\u00e0 de lliurar un sobre gran en l&#8217;exterior del qual hi figuri escrit un pseud\u00f2nim i la categor\u00eda en la que participa.<\/p>\n<p>Dins d&#8217;aquest sobre gran cal que hi poseu:<\/p>\n<p>\u2022 Les fotografies amb t\u00edtol, pseud\u00f2nim i categoria (C1 o C2) escrits darrera de la foto.<\/p>\n<p>\u2022 Un sobre petit tancat amb el pseud\u00f2nim a l&#8217;exterior i el nom, el curs i el r\u00e8gim (di\u00fcrn o nocturn) a l&#8217;interior.<\/p>\n<p>8. Les obres es deixaran a consergeria fins dilluns 20 d&#8217;abril.<\/p>\n<p>9. El jurat valorar\u00e0 fonamentalment i per ordre:<\/p>\n<p>\u2022 El contingut matem\u00e0tic de la fotografia<\/p>\n<p>\u2022 La qualitat est\u00e8tica<\/p>\n<p>\u2022 L&#8217;originalitat, la gr\u00e0cia i la refer\u00e8ncia matem\u00e0tica del t\u00edtol.<\/p>\n<p>10. L&#8217;Institut es reserva el dret de quedar-se amb les c\u00f2pies de les fotos premiades i de demanar-les en suport digital per publicar-les o exposar-les.<\/p>\n<p>11. Els premis poden quedar deserts si les obres presentades no reuneixen, a judici el jurat, els m\u00e8rits suficients.<\/p>\n<p>12. El lliurament de premis tindr\u00e0 lloc el 23 d&#8217;abril.<\/p>\n<p>13. Hi haur\u00e0 un premi per categoria.<\/p>\n<\/div>\n<p><!--:--><\/p>\n","protected":false},"excerpt":{"rendered":"<p><a href=\"http:\/\/agora.xtec.cat\/iesacumella\/wp-content\/uploads\/usu1642\/2015\/04\/girasol2.jpg\"><\/a><br \/>\nL\u2019institut Antoni Cumella de Granollers organitza el concurs de fotografia matem\u00e0tica on hi poden participar tot els alumnes del centre, organitzat en dues categories i on cada participant podr\u00e0 presentar com a m\u00e0xim tres fotografies, on cada fotografia haur\u00e0 de dur un t\u00edtol que&hellip;  <a href=\"https:\/\/agora.xtec.cat\/iesacumella\/portada\/general\/concurs-de-fotografia-matematica-2\/\" title=\"Read CONCURS DE FOTOGRAFIA MATEM\u00c0TICA. SANT JORDI 2015\">Llegeix m\u00e9s\u00bb<\/a><\/p>\n","protected":false},"author":1,"featured_media":2058,"comment_status":"closed","ping_status":"closed","sticky":false,"template":"","format":"standard","meta":{"_bbp_topic_count":0,"_bbp_reply_count":0,"_bbp_total_topic_count":0,"_bbp_total_reply_count":0,"_bbp_voice_count":0,"_bbp_anonymous_reply_count":0,"_bbp_topic_count_hidden":0,"_bbp_reply_count_hidden":0,"_bbp_forum_subforum_count":0,"footnotes":""},"categories":[1],"tags":[],"class_list":["post-2051","post","type-post","status-publish","format-standard","has-post-thumbnail","hentry","category-general"],"post_mailing_queue_ids":[],"_links":{"self":[{"href":"https:\/\/agora.xtec.cat\/iesacumella\/wp-json\/wp\/v2\/posts\/2051","targetHints":{"allow":["GET"]}}],"collection":[{"href":"https:\/\/agora.xtec.cat\/iesacumella\/wp-json\/wp\/v2\/posts"}],"about":[{"href":"https:\/\/agora.xtec.cat\/iesacumella\/wp-json\/wp\/v2\/types\/post"}],"author":[{"embeddable":true,"href":"https:\/\/agora.xtec.cat\/iesacumella\/wp-json\/wp\/v2\/users\/1"}],"replies":[{"embeddable":true,"href":"https:\/\/agora.xtec.cat\/iesacumella\/wp-json\/wp\/v2\/comments?post=2051"}],"version-history":[{"count":0,"href":"https:\/\/agora.xtec.cat\/iesacumella\/wp-json\/wp\/v2\/posts\/2051\/revisions"}],"wp:featuredmedia":[{"embeddable":true,"href":"https:\/\/agora.xtec.cat\/iesacumella\/wp-json\/wp\/v2\/media\/2058"}],"wp:attachment":[{"href":"https:\/\/agora.xtec.cat\/iesacumella\/wp-json\/wp\/v2\/media?parent=2051"}],"wp:term":[{"taxonomy":"category","embeddable":true,"href":"https:\/\/agora.xtec.cat\/iesacumella\/wp-json\/wp\/v2\/categories?post=2051"},{"taxonomy":"post_tag","embeddable":true,"href":"https:\/\/agora.xtec.cat\/iesacumella\/wp-json\/wp\/v2\/tags?post=2051"}],"curies":[{"name":"wp","href":"https:\/\/api.w.org\/{rel}","templated":true}]}}