{"id":2034,"date":"2015-03-17T13:32:17","date_gmt":"2015-03-17T12:32:17","guid":{"rendered":"http:\/\/blog.iesacumella.cat\/?p=2034"},"modified":"2015-03-17T13:32:17","modified_gmt":"2015-03-17T12:32:17","slug":"sortida-a-bcn-de-batxillerat-nocturn","status":"publish","type":"post","link":"https:\/\/agora.xtec.cat\/iesacumella\/portada\/general\/sortida-a-bcn-de-batxillerat-nocturn\/","title":{"rendered":"Sortida a BCN de Batxillerat Nocturn"},"content":{"rendered":"<p><!--:ca--><\/p>\n<p style=\"text-align: justify;\">El <strong>dia 5 de mar\u00e7<\/strong> un grup d&#8217;estudiants i professors del \u00a0batxillerat nocturn del nostre institut vam fer una sortida a Barcelona, per assistir a la presentaci\u00f3 de la novel\u00b7la <span style=\"text-decoration: underline;\"><em>&#8220;<strong>La Rep\u00fablica Pneum\u00e0tica<\/strong>&#8220;<\/em> <\/span>de <strong>J.Valor Montero<\/strong>.<br \/>\nL&#8217;acte va tenir lloc a la <strong>llibreria Gigamesh<\/strong>, una de les m\u00e9s importants d&#8217;Europa en literatura fant\u00e0stica i de ci\u00e8ncia-ficci\u00f3.<br \/>\nEn arribar, vam aprofitar per acostar-nos fins el Palau de la M\u00fasica i berenar pel seu barri.<\/p>\n<p style=\"text-align: center;\"><a href=\"http:\/\/agora.xtec.cat\/iesacumella\/wp-content\/uploads\/usu1642\/2015\/03\/J.Valor-Montero-signant.jpg\"><img loading=\"lazy\" decoding=\"async\" class=\"size-medium wp-image-2037 aligncenter\" alt=\"J.Valor Montero signant\" src=\"http:\/\/agora.xtec.cat\/iesacumella\/wp-content\/uploads\/usu1642\/2015\/03\/J.Valor-Montero-signant-300x168.jpg\" width=\"300\" height=\"168\" \/><\/a><\/p>\n<p><!--:--><\/p>\n","protected":false},"excerpt":{"rendered":"<p>El dia 5 de mar\u00e7 un grup d&#8217;estudiants i professors del \u00a0batxillerat nocturn del nostre institut vam fer una sortida a Barcelona, per assistir a la presentaci\u00f3 de la novel\u00b7la &#8220;La Rep\u00fablica Pneum\u00e0tica&#8220; de J.Valor Montero.<br \/>\nL&#8217;acte va tenir lloc a la llibreria Gigamesh, una de&hellip;  <a href=\"https:\/\/agora.xtec.cat\/iesacumella\/portada\/general\/sortida-a-bcn-de-batxillerat-nocturn\/\" title=\"Read Sortida a BCN de Batxillerat Nocturn\">Llegeix m\u00e9s\u00bb<\/a><\/p>\n","protected":false},"author":1,"featured_media":2036,"comment_status":"closed","ping_status":"closed","sticky":false,"template":"","format":"standard","meta":{"_bbp_topic_count":0,"_bbp_reply_count":0,"_bbp_total_topic_count":0,"_bbp_total_reply_count":0,"_bbp_voice_count":0,"_bbp_anonymous_reply_count":0,"_bbp_topic_count_hidden":0,"_bbp_reply_count_hidden":0,"_bbp_forum_subforum_count":0,"footnotes":""},"categories":[1],"tags":[],"class_list":["post-2034","post","type-post","status-publish","format-standard","has-post-thumbnail","hentry","category-general"],"post_mailing_queue_ids":[],"_links":{"self":[{"href":"https:\/\/agora.xtec.cat\/iesacumella\/wp-json\/wp\/v2\/posts\/2034","targetHints":{"allow":["GET"]}}],"collection":[{"href":"https:\/\/agora.xtec.cat\/iesacumella\/wp-json\/wp\/v2\/posts"}],"about":[{"href":"https:\/\/agora.xtec.cat\/iesacumella\/wp-json\/wp\/v2\/types\/post"}],"author":[{"embeddable":true,"href":"https:\/\/agora.xtec.cat\/iesacumella\/wp-json\/wp\/v2\/users\/1"}],"replies":[{"embeddable":true,"href":"https:\/\/agora.xtec.cat\/iesacumella\/wp-json\/wp\/v2\/comments?post=2034"}],"version-history":[{"count":0,"href":"https:\/\/agora.xtec.cat\/iesacumella\/wp-json\/wp\/v2\/posts\/2034\/revisions"}],"wp:featuredmedia":[{"embeddable":true,"href":"https:\/\/agora.xtec.cat\/iesacumella\/wp-json\/wp\/v2\/media\/2036"}],"wp:attachment":[{"href":"https:\/\/agora.xtec.cat\/iesacumella\/wp-json\/wp\/v2\/media?parent=2034"}],"wp:term":[{"taxonomy":"category","embeddable":true,"href":"https:\/\/agora.xtec.cat\/iesacumella\/wp-json\/wp\/v2\/categories?post=2034"},{"taxonomy":"post_tag","embeddable":true,"href":"https:\/\/agora.xtec.cat\/iesacumella\/wp-json\/wp\/v2\/tags?post=2034"}],"curies":[{"name":"wp","href":"https:\/\/api.w.org\/{rel}","templated":true}]}}