{"id":2020,"date":"2015-03-17T11:17:18","date_gmt":"2015-03-17T10:17:18","guid":{"rendered":"http:\/\/blog.iesacumella.cat\/?p=2020"},"modified":"2015-03-17T11:17:18","modified_gmt":"2015-03-17T10:17:18","slug":"intercanvi-amb-narbonne","status":"publish","type":"post","link":"https:\/\/agora.xtec.cat\/iesacumella\/portada\/departaments\/llengues-estrangeres\/intercanvi-amb-narbonne\/","title":{"rendered":"Intercanvi amb Narbonne"},"content":{"rendered":"<p><!--:ca--><\/p>\n<p style=\"text-align: justify;\">Aquesta setmana, de l&#8217;11 al 15 hem tingut un grup d&#8217;alumnes de Narbonne, allotjats amb les fam\u00edlies d&#8217;alguns alumnes del nostre institut, com a intercanvi ling\u00fc\u00edstic i cultural. Han visitat la nostra ciutat, Barcelona i Figueres (museu Dal\u00ed). L&#8217;experi\u00e8ncia ha estat excel\u00b7lent !! Moltes gr\u00e0cies a tots els que ho han fet possible!!<\/p>\n<p style=\"text-align: justify;\"><a href=\"http:\/\/agora.xtec.cat\/iesacumella\/wp-content\/uploads\/usu1642\/2015\/03\/IMG_20150314_122156.jpg\"><img loading=\"lazy\" decoding=\"async\" class=\"size-medium wp-image-2027 aligncenter\" alt=\"IMG_20150314_122156\" src=\"http:\/\/agora.xtec.cat\/iesacumella\/wp-content\/uploads\/usu1642\/2015\/03\/IMG_20150314_122156-300x225.jpg\" width=\"300\" height=\"225\" srcset=\"https:\/\/agora.xtec.cat\/iesacumella\/wp-content\/uploads\/usu1642\/2015\/03\/IMG_20150314_122156-300x225.jpg 300w, https:\/\/agora.xtec.cat\/iesacumella\/wp-content\/uploads\/usu1642\/2015\/03\/IMG_20150314_122156-768x576.jpg 768w, https:\/\/agora.xtec.cat\/iesacumella\/wp-content\/uploads\/usu1642\/2015\/03\/IMG_20150314_122156-1024x768.jpg 1024w, https:\/\/agora.xtec.cat\/iesacumella\/wp-content\/uploads\/usu1642\/2015\/03\/IMG_20150314_122156-200x150.jpg 200w, https:\/\/agora.xtec.cat\/iesacumella\/wp-content\/uploads\/usu1642\/2015\/03\/IMG_20150314_122156.jpg 1600w\" sizes=\"auto, (max-width: 300px) 100vw, 300px\" \/><\/a><\/p>\n<p><!--:--><\/p>\n","protected":false},"excerpt":{"rendered":"<p>Aquesta setmana, de l&#8217;11 al 15 hem tingut un grup d&#8217;alumnes de Narbonne, allotjats amb les fam\u00edlies d&#8217;alguns alumnes del nostre institut, com a intercanvi ling\u00fc\u00edstic i cultural. Han visitat la nostra ciutat, Barcelona i Figueres (museu Dal\u00ed). L&#8217;experi\u00e8ncia ha estat excel\u00b7lent !! Moltes gr\u00e0cies&hellip;  <a href=\"https:\/\/agora.xtec.cat\/iesacumella\/portada\/departaments\/llengues-estrangeres\/intercanvi-amb-narbonne\/\" title=\"Read Intercanvi amb Narbonne\">Llegeix m\u00e9s\u00bb<\/a><\/p>\n","protected":false},"author":1,"featured_media":2026,"comment_status":"closed","ping_status":"closed","sticky":false,"template":"","format":"standard","meta":{"_bbp_topic_count":0,"_bbp_reply_count":0,"_bbp_total_topic_count":0,"_bbp_total_reply_count":0,"_bbp_voice_count":0,"_bbp_anonymous_reply_count":0,"_bbp_topic_count_hidden":0,"_bbp_reply_count_hidden":0,"_bbp_forum_subforum_count":0,"footnotes":""},"categories":[113],"tags":[],"class_list":["post-2020","post","type-post","status-publish","format-standard","has-post-thumbnail","hentry","category-llengues-estrangeres"],"post_mailing_queue_ids":[],"_links":{"self":[{"href":"https:\/\/agora.xtec.cat\/iesacumella\/wp-json\/wp\/v2\/posts\/2020","targetHints":{"allow":["GET"]}}],"collection":[{"href":"https:\/\/agora.xtec.cat\/iesacumella\/wp-json\/wp\/v2\/posts"}],"about":[{"href":"https:\/\/agora.xtec.cat\/iesacumella\/wp-json\/wp\/v2\/types\/post"}],"author":[{"embeddable":true,"href":"https:\/\/agora.xtec.cat\/iesacumella\/wp-json\/wp\/v2\/users\/1"}],"replies":[{"embeddable":true,"href":"https:\/\/agora.xtec.cat\/iesacumella\/wp-json\/wp\/v2\/comments?post=2020"}],"version-history":[{"count":0,"href":"https:\/\/agora.xtec.cat\/iesacumella\/wp-json\/wp\/v2\/posts\/2020\/revisions"}],"wp:featuredmedia":[{"embeddable":true,"href":"https:\/\/agora.xtec.cat\/iesacumella\/wp-json\/wp\/v2\/media\/2026"}],"wp:attachment":[{"href":"https:\/\/agora.xtec.cat\/iesacumella\/wp-json\/wp\/v2\/media?parent=2020"}],"wp:term":[{"taxonomy":"category","embeddable":true,"href":"https:\/\/agora.xtec.cat\/iesacumella\/wp-json\/wp\/v2\/categories?post=2020"},{"taxonomy":"post_tag","embeddable":true,"href":"https:\/\/agora.xtec.cat\/iesacumella\/wp-json\/wp\/v2\/tags?post=2020"}],"curies":[{"name":"wp","href":"https:\/\/api.w.org\/{rel}","templated":true}]}}