{"id":1995,"date":"2015-03-11T19:38:30","date_gmt":"2015-03-11T18:38:30","guid":{"rendered":"http:\/\/blog.iesacumella.cat\/?p=1995"},"modified":"2015-03-11T19:38:30","modified_gmt":"2015-03-11T18:38:30","slug":"les-troianes-deuripides","status":"publish","type":"post","link":"https:\/\/agora.xtec.cat\/iesacumella\/portada\/departaments\/llengues-classiques\/les-troianes-deuripides\/","title":{"rendered":"Les Troianes d&#8217;Eur\u00edpides"},"content":{"rendered":"<p><!--:ca--><\/p>\n<p style=\"text-align: justify;\">Avui, 11 de mar\u00e7, els alumnes de grec \u00a0i les professores que els hem acompanyat, hem tingut la sort de poder veure com uns \u00a0altres alumnes brodaven aquesta trag\u00e8dia grega que parla sobre les mis\u00e8ries i \u00a0les morts d&#8217;innocents que comporten les guerres, tant les d&#8217;\u00e8poca \u00a0cl\u00e0ssica com actualment.<\/p>\n<p style=\"text-align: justify;\">Arist\u00f2til deia en la seva obra\u00a0<em><span style=\"text-decoration: underline;\"> Po\u00e8tica<\/span>,<\/em> que \u00a0en la trag\u00e8dia els grecs veien una manera de purificar-se dels \u00a0seus defectes, i que per tant, arribaven a la catarsi. Purificats o no, hem sortit sentint el dolor de la reina H\u00e8cuba, la bogeria de Cassandra, i la desgr\u00e0cia de les pobres troianes , ara esclaves i a mans dels aqueus .<\/p>\n<p style=\"text-align: justify;\">La representaci\u00f3, com s&#8217;ha dit abans, t\u00e9 un valor afegit perqu\u00e8 els actors s\u00f3n alumnes de batxillerat, en aquest cas, el grup de teatre \u00a0<em>Komos<\/em> pertany a l&#8217;IES \u00a0Distrito Mar\u00edtimo de Val\u00e8ncia.<\/p>\n<p><!--:--><\/p>\n","protected":false},"excerpt":{"rendered":"<p>Avui, 11 de mar\u00e7, els alumnes de grec \u00a0i les professores que els hem acompanyat, hem tingut la sort de poder veure com uns \u00a0altres alumnes brodaven aquesta trag\u00e8dia grega que parla sobre les mis\u00e8ries i \u00a0les morts d&#8217;innocents que comporten les guerres, tant les&hellip;  <a href=\"https:\/\/agora.xtec.cat\/iesacumella\/portada\/departaments\/llengues-classiques\/les-troianes-deuripides\/\" title=\"Read Les Troianes d&#8217;Eur\u00edpides\">Llegeix m\u00e9s\u00bb<\/a><\/p>\n","protected":false},"author":1,"featured_media":1997,"comment_status":"closed","ping_status":"closed","sticky":false,"template":"","format":"standard","meta":{"_bbp_topic_count":0,"_bbp_reply_count":0,"_bbp_total_topic_count":0,"_bbp_total_reply_count":0,"_bbp_voice_count":0,"_bbp_anonymous_reply_count":0,"_bbp_topic_count_hidden":0,"_bbp_reply_count_hidden":0,"_bbp_forum_subforum_count":0,"footnotes":""},"categories":[112],"tags":[],"class_list":["post-1995","post","type-post","status-publish","format-standard","has-post-thumbnail","hentry","category-llengues-classiques"],"post_mailing_queue_ids":[],"_links":{"self":[{"href":"https:\/\/agora.xtec.cat\/iesacumella\/wp-json\/wp\/v2\/posts\/1995","targetHints":{"allow":["GET"]}}],"collection":[{"href":"https:\/\/agora.xtec.cat\/iesacumella\/wp-json\/wp\/v2\/posts"}],"about":[{"href":"https:\/\/agora.xtec.cat\/iesacumella\/wp-json\/wp\/v2\/types\/post"}],"author":[{"embeddable":true,"href":"https:\/\/agora.xtec.cat\/iesacumella\/wp-json\/wp\/v2\/users\/1"}],"replies":[{"embeddable":true,"href":"https:\/\/agora.xtec.cat\/iesacumella\/wp-json\/wp\/v2\/comments?post=1995"}],"version-history":[{"count":0,"href":"https:\/\/agora.xtec.cat\/iesacumella\/wp-json\/wp\/v2\/posts\/1995\/revisions"}],"wp:featuredmedia":[{"embeddable":true,"href":"https:\/\/agora.xtec.cat\/iesacumella\/wp-json\/wp\/v2\/media\/1997"}],"wp:attachment":[{"href":"https:\/\/agora.xtec.cat\/iesacumella\/wp-json\/wp\/v2\/media?parent=1995"}],"wp:term":[{"taxonomy":"category","embeddable":true,"href":"https:\/\/agora.xtec.cat\/iesacumella\/wp-json\/wp\/v2\/categories?post=1995"},{"taxonomy":"post_tag","embeddable":true,"href":"https:\/\/agora.xtec.cat\/iesacumella\/wp-json\/wp\/v2\/tags?post=1995"}],"curies":[{"name":"wp","href":"https:\/\/api.w.org\/{rel}","templated":true}]}}