{"id":1922,"date":"2015-02-09T13:21:53","date_gmt":"2015-02-09T12:21:53","guid":{"rendered":"http:\/\/blog.iesacumella.cat\/?p=1922"},"modified":"2015-02-09T13:21:53","modified_gmt":"2015-02-09T12:21:53","slug":"no-tho-perdis-calcotada-2015-institut-cumella","status":"publish","type":"post","link":"https:\/\/agora.xtec.cat\/iesacumella\/portada\/general\/no-tho-perdis-calcotada-2015-institut-cumella\/","title":{"rendered":"No t&#8217;ho perdis! &#8211; Cal\u00e7otada 2015 (Institut Cumella)"},"content":{"rendered":"<p><!--:ca--><\/p>\n<p style=\"text-align: center;\">Els alumnes de l&#8217;Aula Oberta hem estat preparant un v\u00eddeo per l&#8217;acte que farem el 7 de mar\u00e7. Us convidem a veure&#8217;l.<\/p>\n<p style=\"text-align: center;\">Esta semana hemos captado algunas im\u00e1genes en el instituto; algunos est\u00e1n tramando algo&#8230; Mirad el v\u00eddeo!<\/p>\n<h2 style=\"text-align: center;\"><a href=\"http:\/\/youtu.be\/WWtIv1LD_DY\">No t&#8217;ho perdis<\/a><\/h2>\n<p><!--:--><\/p>\n","protected":false},"excerpt":{"rendered":"<p>Els alumnes de l&#8217;Aula Oberta hem estat preparant un v\u00eddeo per l&#8217;acte que farem el 7 de mar\u00e7. Us convidem a veure&#8217;l.<br \/>\nEsta semana hemos captado algunas im\u00e1genes en el instituto; algunos est\u00e1n tramando algo&#8230; Mirad el v\u00eddeo!<br \/>\n<a href=\"http:\/\/youtu.be\/WWtIv1LD_DY\">No t&#8217;ho perdis<\/a><\/p>\n","protected":false},"author":1,"featured_media":0,"comment_status":"closed","ping_status":"closed","sticky":false,"template":"","format":"standard","meta":{"_bbp_topic_count":0,"_bbp_reply_count":0,"_bbp_total_topic_count":0,"_bbp_total_reply_count":0,"_bbp_voice_count":0,"_bbp_anonymous_reply_count":0,"_bbp_topic_count_hidden":0,"_bbp_reply_count_hidden":0,"_bbp_forum_subforum_count":0,"footnotes":""},"categories":[1],"tags":[],"class_list":["post-1922","post","type-post","status-publish","format-standard","hentry","category-general"],"post_mailing_queue_ids":[],"_links":{"self":[{"href":"https:\/\/agora.xtec.cat\/iesacumella\/wp-json\/wp\/v2\/posts\/1922","targetHints":{"allow":["GET"]}}],"collection":[{"href":"https:\/\/agora.xtec.cat\/iesacumella\/wp-json\/wp\/v2\/posts"}],"about":[{"href":"https:\/\/agora.xtec.cat\/iesacumella\/wp-json\/wp\/v2\/types\/post"}],"author":[{"embeddable":true,"href":"https:\/\/agora.xtec.cat\/iesacumella\/wp-json\/wp\/v2\/users\/1"}],"replies":[{"embeddable":true,"href":"https:\/\/agora.xtec.cat\/iesacumella\/wp-json\/wp\/v2\/comments?post=1922"}],"version-history":[{"count":0,"href":"https:\/\/agora.xtec.cat\/iesacumella\/wp-json\/wp\/v2\/posts\/1922\/revisions"}],"wp:attachment":[{"href":"https:\/\/agora.xtec.cat\/iesacumella\/wp-json\/wp\/v2\/media?parent=1922"}],"wp:term":[{"taxonomy":"category","embeddable":true,"href":"https:\/\/agora.xtec.cat\/iesacumella\/wp-json\/wp\/v2\/categories?post=1922"},{"taxonomy":"post_tag","embeddable":true,"href":"https:\/\/agora.xtec.cat\/iesacumella\/wp-json\/wp\/v2\/tags?post=1922"}],"curies":[{"name":"wp","href":"https:\/\/api.w.org\/{rel}","templated":true}]}}