{"id":1913,"date":"2015-01-30T20:47:03","date_gmt":"2015-01-30T19:47:03","guid":{"rendered":"http:\/\/blog.iesacumella.cat\/?p=1913"},"modified":"2015-01-30T20:47:03","modified_gmt":"2015-01-30T19:47:03","slug":"experiencies-matematiques","status":"publish","type":"post","link":"https:\/\/agora.xtec.cat\/iesacumella\/portada\/departaments\/matematiques\/experiencies-matematiques\/","title":{"rendered":"Experi\u00e8ncies Matem\u00e0tiques"},"content":{"rendered":"<p><!--:ca--><\/p>\n<p style=\"text-align: justify;\">Durant aquest trimestre tots els alumnes de l&#8217;ESO anirem a visitar l&#8217;exposici\u00f3 &#8220;Experi\u00e8ncies Matem\u00e0tiques&#8221; al Museu de Ci\u00e8ncies Naturals de Granollers.<\/p>\n<p style=\"text-align: justify;\">L&#8217;exposici\u00f3 \u00e9s un espai lliure on els visitants van interaccionant amb els &#8220;racons matem\u00e0tics&#8221; i amb els altres visitants.<\/p>\n<p>http:\/\/www.museugranollersciencies.org\/ca\/agenda\/experiencies-matematiques\/<\/p>\n<p style=\"text-align: center;\"><a href=\"http:\/\/agora.xtec.cat\/iesacumella\/wp-content\/uploads\/usu1642\/2015\/01\/IMG-20150209-WA0001.jpg\"><img loading=\"lazy\" decoding=\"async\" class=\"size-medium wp-image-1959 aligncenter\" alt=\"IMG-20150209-WA0001\" src=\"http:\/\/agora.xtec.cat\/iesacumella\/wp-content\/uploads\/usu1642\/2015\/01\/IMG-20150209-WA0001-300x225.jpg\" width=\"300\" height=\"225\" srcset=\"https:\/\/agora.xtec.cat\/iesacumella\/wp-content\/uploads\/usu1642\/2015\/01\/IMG-20150209-WA0001-300x225.jpg 300w, https:\/\/agora.xtec.cat\/iesacumella\/wp-content\/uploads\/usu1642\/2015\/01\/IMG-20150209-WA0001-768x576.jpg 768w, https:\/\/agora.xtec.cat\/iesacumella\/wp-content\/uploads\/usu1642\/2015\/01\/IMG-20150209-WA0001-1024x768.jpg 1024w, https:\/\/agora.xtec.cat\/iesacumella\/wp-content\/uploads\/usu1642\/2015\/01\/IMG-20150209-WA0001-200x150.jpg 200w, https:\/\/agora.xtec.cat\/iesacumella\/wp-content\/uploads\/usu1642\/2015\/01\/IMG-20150209-WA0001.jpg 1280w\" sizes=\"auto, (max-width: 300px) 100vw, 300px\" \/><\/a><\/p>\n<p style=\"text-align: center;\">\n<p><!--:--><\/p>\n","protected":false},"excerpt":{"rendered":"<p>Durant aquest trimestre tots els alumnes de l&#8217;ESO anirem a visitar l&#8217;exposici\u00f3 &#8220;Experi\u00e8ncies Matem\u00e0tiques&#8221; al Museu de Ci\u00e8ncies Naturals de Granollers.<br \/>\nL&#8217;exposici\u00f3 \u00e9s un espai lliure on els visitants van interaccionant amb els &#8220;racons matem\u00e0tics&#8221; i amb els altres visitants.<br \/>\nhttp:\/\/www.museugranollersciencies.org\/ca\/agenda\/experiencies-matematiques\/<br \/>\n<a href=\"http:\/\/agora.xtec.cat\/iesacumella\/wp-content\/uploads\/usu1642\/2015\/01\/IMG-20150209-WA0001.jpg\"><\/a><\/p>\n","protected":false},"author":1,"featured_media":0,"comment_status":"closed","ping_status":"closed","sticky":false,"template":"","format":"standard","meta":{"_bbp_topic_count":0,"_bbp_reply_count":0,"_bbp_total_topic_count":0,"_bbp_total_reply_count":0,"_bbp_voice_count":0,"_bbp_anonymous_reply_count":0,"_bbp_topic_count_hidden":0,"_bbp_reply_count_hidden":0,"_bbp_forum_subforum_count":0,"footnotes":""},"categories":[114],"tags":[],"class_list":["post-1913","post","type-post","status-publish","format-standard","hentry","category-matematiques"],"post_mailing_queue_ids":[],"_links":{"self":[{"href":"https:\/\/agora.xtec.cat\/iesacumella\/wp-json\/wp\/v2\/posts\/1913","targetHints":{"allow":["GET"]}}],"collection":[{"href":"https:\/\/agora.xtec.cat\/iesacumella\/wp-json\/wp\/v2\/posts"}],"about":[{"href":"https:\/\/agora.xtec.cat\/iesacumella\/wp-json\/wp\/v2\/types\/post"}],"author":[{"embeddable":true,"href":"https:\/\/agora.xtec.cat\/iesacumella\/wp-json\/wp\/v2\/users\/1"}],"replies":[{"embeddable":true,"href":"https:\/\/agora.xtec.cat\/iesacumella\/wp-json\/wp\/v2\/comments?post=1913"}],"version-history":[{"count":0,"href":"https:\/\/agora.xtec.cat\/iesacumella\/wp-json\/wp\/v2\/posts\/1913\/revisions"}],"wp:attachment":[{"href":"https:\/\/agora.xtec.cat\/iesacumella\/wp-json\/wp\/v2\/media?parent=1913"}],"wp:term":[{"taxonomy":"category","embeddable":true,"href":"https:\/\/agora.xtec.cat\/iesacumella\/wp-json\/wp\/v2\/categories?post=1913"},{"taxonomy":"post_tag","embeddable":true,"href":"https:\/\/agora.xtec.cat\/iesacumella\/wp-json\/wp\/v2\/tags?post=1913"}],"curies":[{"name":"wp","href":"https:\/\/api.w.org\/{rel}","templated":true}]}}