{"id":1701,"date":"2014-07-14T07:21:46","date_gmt":"2014-07-14T06:21:46","guid":{"rendered":"http:\/\/blog.iesacumella.cat\/?p=1701"},"modified":"2014-07-14T07:21:46","modified_gmt":"2014-07-14T06:21:46","slug":"ajuts-per-alumnes","status":"publish","type":"post","link":"https:\/\/agora.xtec.cat\/iesacumella\/portada\/general\/ajuts-per-alumnes\/","title":{"rendered":"Ajuts per alumnes amb necessitats espec\u00edfiques"},"content":{"rendered":"<p><!--:ca-->En data 12 de juliol de 2014 s&#8217;ha publicat al BOE la Resoluci\u00f3 de 3 de juliol de 2014, de la Secretaria de Estado de Educaci\u00f3n, Formaci\u00f3n Profesional i Universidades, per la qual es convoquen ajuts per alumnes amb necessitats espec\u00edfiques i per al curs 2014\/2015.<br \/>\n<strong>Termini per presentar la sol\u00b7licitud: del 14 de juliol al 30 de setembre de 2014.<\/strong><br \/>\n<strong>Trobareu informaci\u00f3 sobre la convocat\u00f2ria a la web :<a href=\"http:\/\/www20.gencat.cat\/portal\/site\/OVT\/menuitem.8d9f3f7e23c1cd519e629e30b0c0e1a0\/?vgnextoid=117381196e0e3210VgnVCM1000008d0c1e0aRCRD&amp;vgnextchannel=117381196e0e3210VgnVCM1000008d0c1e0aRCRD&amp;vgnextfmt=detall&amp;contentid=d6486091bdbaa3106091bdbaa3108d0c1e0aRCRD\"> Informaci\u00f3 Generalitat<\/a><\/strong><!--:--><\/p>\n","protected":false},"excerpt":{"rendered":"<p>En data 12 de juliol de 2014 s&#8217;ha publicat al BOE la Resoluci\u00f3 de 3 de juliol de 2014, de la Secretaria de Estado de Educaci\u00f3n, Formaci\u00f3n Profesional i Universidades, per la qual es convoquen ajuts per alumnes amb necessitats espec\u00edfiques i per al curs&hellip;  <a href=\"https:\/\/agora.xtec.cat\/iesacumella\/portada\/general\/ajuts-per-alumnes\/\" title=\"Read Ajuts per alumnes amb necessitats espec\u00edfiques\">Llegeix m\u00e9s\u00bb<\/a><\/p>\n","protected":false},"author":1,"featured_media":0,"comment_status":"closed","ping_status":"closed","sticky":false,"template":"","format":"standard","meta":{"_bbp_topic_count":0,"_bbp_reply_count":0,"_bbp_total_topic_count":0,"_bbp_total_reply_count":0,"_bbp_voice_count":0,"_bbp_anonymous_reply_count":0,"_bbp_topic_count_hidden":0,"_bbp_reply_count_hidden":0,"_bbp_forum_subforum_count":0,"footnotes":""},"categories":[1],"tags":[],"class_list":["post-1701","post","type-post","status-publish","format-standard","hentry","category-general"],"post_mailing_queue_ids":[],"_links":{"self":[{"href":"https:\/\/agora.xtec.cat\/iesacumella\/wp-json\/wp\/v2\/posts\/1701","targetHints":{"allow":["GET"]}}],"collection":[{"href":"https:\/\/agora.xtec.cat\/iesacumella\/wp-json\/wp\/v2\/posts"}],"about":[{"href":"https:\/\/agora.xtec.cat\/iesacumella\/wp-json\/wp\/v2\/types\/post"}],"author":[{"embeddable":true,"href":"https:\/\/agora.xtec.cat\/iesacumella\/wp-json\/wp\/v2\/users\/1"}],"replies":[{"embeddable":true,"href":"https:\/\/agora.xtec.cat\/iesacumella\/wp-json\/wp\/v2\/comments?post=1701"}],"version-history":[{"count":0,"href":"https:\/\/agora.xtec.cat\/iesacumella\/wp-json\/wp\/v2\/posts\/1701\/revisions"}],"wp:attachment":[{"href":"https:\/\/agora.xtec.cat\/iesacumella\/wp-json\/wp\/v2\/media?parent=1701"}],"wp:term":[{"taxonomy":"category","embeddable":true,"href":"https:\/\/agora.xtec.cat\/iesacumella\/wp-json\/wp\/v2\/categories?post=1701"},{"taxonomy":"post_tag","embeddable":true,"href":"https:\/\/agora.xtec.cat\/iesacumella\/wp-json\/wp\/v2\/tags?post=1701"}],"curies":[{"name":"wp","href":"https:\/\/api.w.org\/{rel}","templated":true}]}}