{"id":1401,"date":"2014-05-16T11:13:40","date_gmt":"2014-05-16T10:13:40","guid":{"rendered":"http:\/\/blog.iesacumella.cat\/?p=1401"},"modified":"2014-05-16T11:13:40","modified_gmt":"2014-05-16T10:13:40","slug":"sant-jordi","status":"publish","type":"post","link":"https:\/\/agora.xtec.cat\/iesacumella\/portada\/general\/sant-jordi\/","title":{"rendered":"SANT JORDI"},"content":{"rendered":"<p><!--:ca-->Tenim moltes fotografies de les actuacions del darrer Sant Jordi, de l&#8217;acte presentat per la Laia Aymerich i el Mario Vita. A la galeria adjunta hi trobareu fotos dels guanyadors\/es del concurs literari i de les diverses actuacions musicals. A la revista del centre i al blog de la professora Rosa Sagal\u00e9s, organitzadora i directora de l&#8217;espectacle, hi trobareu m\u00e9s informaci\u00f3 i la pel\u00b7l\u00edcula de l&#8217;esdeveniment. Va ser un gran dia!<\/p>\n<p><!--:--><\/p>\n","protected":false},"excerpt":{"rendered":"<p>Tenim moltes fotografies de les actuacions del darrer Sant Jordi, de l&#8217;acte presentat per la Laia Aymerich i el Mario Vita. A la galeria adjunta hi trobareu fotos dels guanyadors\/es del concurs literari i de les diverses actuacions musicals. A la revista del centre i&hellip;  <a href=\"https:\/\/agora.xtec.cat\/iesacumella\/portada\/general\/sant-jordi\/\" title=\"Read SANT JORDI\">Llegeix m\u00e9s\u00bb<\/a><\/p>\n","protected":false},"author":1,"featured_media":1405,"comment_status":"closed","ping_status":"closed","sticky":false,"template":"","format":"standard","meta":{"_bbp_topic_count":0,"_bbp_reply_count":0,"_bbp_total_topic_count":0,"_bbp_total_reply_count":0,"_bbp_voice_count":0,"_bbp_anonymous_reply_count":0,"_bbp_topic_count_hidden":0,"_bbp_reply_count_hidden":0,"_bbp_forum_subforum_count":0,"footnotes":""},"categories":[1],"tags":[],"class_list":["post-1401","post","type-post","status-publish","format-standard","has-post-thumbnail","hentry","category-general"],"post_mailing_queue_ids":[],"_links":{"self":[{"href":"https:\/\/agora.xtec.cat\/iesacumella\/wp-json\/wp\/v2\/posts\/1401","targetHints":{"allow":["GET"]}}],"collection":[{"href":"https:\/\/agora.xtec.cat\/iesacumella\/wp-json\/wp\/v2\/posts"}],"about":[{"href":"https:\/\/agora.xtec.cat\/iesacumella\/wp-json\/wp\/v2\/types\/post"}],"author":[{"embeddable":true,"href":"https:\/\/agora.xtec.cat\/iesacumella\/wp-json\/wp\/v2\/users\/1"}],"replies":[{"embeddable":true,"href":"https:\/\/agora.xtec.cat\/iesacumella\/wp-json\/wp\/v2\/comments?post=1401"}],"version-history":[{"count":0,"href":"https:\/\/agora.xtec.cat\/iesacumella\/wp-json\/wp\/v2\/posts\/1401\/revisions"}],"wp:featuredmedia":[{"embeddable":true,"href":"https:\/\/agora.xtec.cat\/iesacumella\/wp-json\/wp\/v2\/media\/1405"}],"wp:attachment":[{"href":"https:\/\/agora.xtec.cat\/iesacumella\/wp-json\/wp\/v2\/media?parent=1401"}],"wp:term":[{"taxonomy":"category","embeddable":true,"href":"https:\/\/agora.xtec.cat\/iesacumella\/wp-json\/wp\/v2\/categories?post=1401"},{"taxonomy":"post_tag","embeddable":true,"href":"https:\/\/agora.xtec.cat\/iesacumella\/wp-json\/wp\/v2\/tags?post=1401"}],"curies":[{"name":"wp","href":"https:\/\/api.w.org\/{rel}","templated":true}]}}