{"id":1325,"date":"2014-03-19T12:12:34","date_gmt":"2014-03-19T11:12:34","guid":{"rendered":"http:\/\/blog.iesacumella.cat\/?p=1325"},"modified":"2014-03-19T12:12:34","modified_gmt":"2014-03-19T11:12:34","slug":"cabaret-diamond","status":"publish","type":"post","link":"https:\/\/agora.xtec.cat\/iesacumella\/portada\/general\/cabaret-diamond\/","title":{"rendered":"CABARET DIAMOND"},"content":{"rendered":"<p><!--:ca-->&#8220;Cabaret Diamond&#8221; \u00e9s el t\u00edtol de l&#8217;obra que els nois i noies del grup de teatre del nostre centre estan assajant per a final de curs. L&#8217;obra, escrita i dirigida per Adri\u00e0 Freijo, mostra les intimitats d&#8217;un cabaret barcelon\u00ed, amb uns di\u00e0legs vius i frescos. Els actors i actrius s\u00f3n: Rebeca Serret, Anna Griera, Mildred Duran, Laia Aymerich, Josep Miquel Dalmau, Arnau Ballester, Marina De Dios, Mireia Tobar, Blanca Lucas i T\u00e0nia Molina. Esperem amb il\u00b7lusi\u00f3 la representaci\u00f3 d&#8217;aquesta obra de teatre que ells preparen cada divendres a la tarda, posant-hi tota la seva energia.<a href=\"http:\/\/agora.xtec.cat\/iesacumella\/wp-content\/uploads\/usu1642\/2014\/03\/CABARET-DIAMOND-1.jpg\"><img loading=\"lazy\" decoding=\"async\" src=\"http:\/\/agora.xtec.cat\/iesacumella\/wp-content\/uploads\/usu1642\/2014\/03\/CABARET-DIAMOND-1-225x300.jpg\" alt=\"CABARET DIAMOND 1\" width=\"225\" height=\"300\" class=\"alignnone size-medium wp-image-1321\" srcset=\"https:\/\/agora.xtec.cat\/iesacumella\/wp-content\/uploads\/usu1642\/2014\/03\/CABARET-DIAMOND-1-225x300.jpg 225w, https:\/\/agora.xtec.cat\/iesacumella\/wp-content\/uploads\/usu1642\/2014\/03\/CABARET-DIAMOND-1-768x1024.jpg 768w, https:\/\/agora.xtec.cat\/iesacumella\/wp-content\/uploads\/usu1642\/2014\/03\/CABARET-DIAMOND-1.jpg 1536w\" sizes=\"auto, (max-width: 225px) 100vw, 225px\" \/><\/a><a href=\"http:\/\/agora.xtec.cat\/iesacumella\/wp-content\/uploads\/usu1642\/2014\/03\/Cabaret-Diamond-2.jpg\"><img loading=\"lazy\" decoding=\"async\" src=\"http:\/\/agora.xtec.cat\/iesacumella\/wp-content\/uploads\/usu1642\/2014\/03\/Cabaret-Diamond-2-300x225.jpg\" alt=\"Cabaret Diamond 2\" width=\"300\" height=\"225\" class=\"alignnone size-medium wp-image-1323\" srcset=\"https:\/\/agora.xtec.cat\/iesacumella\/wp-content\/uploads\/usu1642\/2014\/03\/Cabaret-Diamond-2-300x225.jpg 300w, https:\/\/agora.xtec.cat\/iesacumella\/wp-content\/uploads\/usu1642\/2014\/03\/Cabaret-Diamond-2-768x576.jpg 768w, https:\/\/agora.xtec.cat\/iesacumella\/wp-content\/uploads\/usu1642\/2014\/03\/Cabaret-Diamond-2-1024x768.jpg 1024w, https:\/\/agora.xtec.cat\/iesacumella\/wp-content\/uploads\/usu1642\/2014\/03\/Cabaret-Diamond-2-200x150.jpg 200w, https:\/\/agora.xtec.cat\/iesacumella\/wp-content\/uploads\/usu1642\/2014\/03\/Cabaret-Diamond-2.jpg 2048w\" sizes=\"auto, (max-width: 300px) 100vw, 300px\" \/><\/a><a href=\"http:\/\/agora.xtec.cat\/iesacumella\/wp-content\/uploads\/usu1642\/2014\/03\/Cabaret-Diamond-3.jpg\"><img loading=\"lazy\" decoding=\"async\" src=\"http:\/\/agora.xtec.cat\/iesacumella\/wp-content\/uploads\/usu1642\/2014\/03\/Cabaret-Diamond-3-225x300.jpg\" alt=\"Cabaret Diamond 3\" width=\"225\" height=\"300\" class=\"alignnone size-medium wp-image-1324\" srcset=\"https:\/\/agora.xtec.cat\/iesacumella\/wp-content\/uploads\/usu1642\/2014\/03\/Cabaret-Diamond-3-225x300.jpg 225w, https:\/\/agora.xtec.cat\/iesacumella\/wp-content\/uploads\/usu1642\/2014\/03\/Cabaret-Diamond-3-768x1024.jpg 768w, https:\/\/agora.xtec.cat\/iesacumella\/wp-content\/uploads\/usu1642\/2014\/03\/Cabaret-Diamond-3.jpg 1536w\" sizes=\"auto, (max-width: 225px) 100vw, 225px\" \/><\/a><!--:--><\/p>\n","protected":false},"excerpt":{"rendered":"<p>&#8220;Cabaret Diamond&#8221; \u00e9s el t\u00edtol de l&#8217;obra que els nois i noies del grup de teatre del nostre centre estan assajant per a final de curs. L&#8217;obra, escrita i dirigida per Adri\u00e0 Freijo, mostra les intimitats d&#8217;un cabaret barcelon\u00ed, amb uns di\u00e0legs vius i frescos.&hellip;  <a href=\"https:\/\/agora.xtec.cat\/iesacumella\/portada\/general\/cabaret-diamond\/\" title=\"Read CABARET DIAMOND\">Llegeix m\u00e9s\u00bb<\/a><\/p>\n","protected":false},"author":1,"featured_media":1322,"comment_status":"closed","ping_status":"closed","sticky":false,"template":"","format":"standard","meta":{"_bbp_topic_count":0,"_bbp_reply_count":0,"_bbp_total_topic_count":0,"_bbp_total_reply_count":0,"_bbp_voice_count":0,"_bbp_anonymous_reply_count":0,"_bbp_topic_count_hidden":0,"_bbp_reply_count_hidden":0,"_bbp_forum_subforum_count":0,"footnotes":""},"categories":[1],"tags":[],"class_list":["post-1325","post","type-post","status-publish","format-standard","has-post-thumbnail","hentry","category-general"],"post_mailing_queue_ids":[],"_links":{"self":[{"href":"https:\/\/agora.xtec.cat\/iesacumella\/wp-json\/wp\/v2\/posts\/1325","targetHints":{"allow":["GET"]}}],"collection":[{"href":"https:\/\/agora.xtec.cat\/iesacumella\/wp-json\/wp\/v2\/posts"}],"about":[{"href":"https:\/\/agora.xtec.cat\/iesacumella\/wp-json\/wp\/v2\/types\/post"}],"author":[{"embeddable":true,"href":"https:\/\/agora.xtec.cat\/iesacumella\/wp-json\/wp\/v2\/users\/1"}],"replies":[{"embeddable":true,"href":"https:\/\/agora.xtec.cat\/iesacumella\/wp-json\/wp\/v2\/comments?post=1325"}],"version-history":[{"count":0,"href":"https:\/\/agora.xtec.cat\/iesacumella\/wp-json\/wp\/v2\/posts\/1325\/revisions"}],"wp:featuredmedia":[{"embeddable":true,"href":"https:\/\/agora.xtec.cat\/iesacumella\/wp-json\/wp\/v2\/media\/1322"}],"wp:attachment":[{"href":"https:\/\/agora.xtec.cat\/iesacumella\/wp-json\/wp\/v2\/media?parent=1325"}],"wp:term":[{"taxonomy":"category","embeddable":true,"href":"https:\/\/agora.xtec.cat\/iesacumella\/wp-json\/wp\/v2\/categories?post=1325"},{"taxonomy":"post_tag","embeddable":true,"href":"https:\/\/agora.xtec.cat\/iesacumella\/wp-json\/wp\/v2\/tags?post=1325"}],"curies":[{"name":"wp","href":"https:\/\/api.w.org\/{rel}","templated":true}]}}