{"id":1238,"date":"2014-02-09T20:38:28","date_gmt":"2014-02-09T19:38:28","guid":{"rendered":"http:\/\/blog.iesacumella.cat\/?p=1238"},"modified":"2014-02-09T20:38:28","modified_gmt":"2014-02-09T19:38:28","slug":"educacio-una-eina-per-canviar-el-mon","status":"publish","type":"post","link":"https:\/\/agora.xtec.cat\/iesacumella\/portada\/general\/educacio-una-eina-per-canviar-el-mon\/","title":{"rendered":"EDUCACI\u00d3: Una eina per canviar el m\u00f3n"},"content":{"rendered":"<p><!--:ca-->El passat 25 de novembre, dia internacional per a la eliminaci\u00f3 de la viol\u00e8ncia contra les dones, els alumnes de 2n d&#8217;ESO v\u00e0rem fer una activitat creativa per promoure la igualtat entre homes i dones aix\u00ed com per prevenir i combatir la discriminaci\u00f3 de la dona.<\/p>\n<p>&nbsp;<\/p>\n<p style=\"text-align: center\"><a href=\"http:\/\/agora.xtec.cat\/iesacumella\/wp-content\/uploads\/usu1642\/2014\/02\/video-25-de-novembre.wmv\">video 25 de novembre<\/a><\/p>\n<p><a href=\"http:\/\/agora.xtec.cat\/iesacumella\/wp-content\/uploads\/usu1642\/2014\/02\/IMG_3365.jpg\"><img loading=\"lazy\" decoding=\"async\" class=\"alignnone size-medium wp-image-1251 aligncenter\" alt=\"IMG_3365\" src=\"http:\/\/agora.xtec.cat\/iesacumella\/wp-content\/uploads\/usu1642\/2014\/02\/IMG_3365-300x225.jpg\" width=\"300\" height=\"225\" srcset=\"https:\/\/agora.xtec.cat\/iesacumella\/wp-content\/uploads\/usu1642\/2014\/02\/IMG_3365-300x225.jpg 300w, https:\/\/agora.xtec.cat\/iesacumella\/wp-content\/uploads\/usu1642\/2014\/02\/IMG_3365-768x576.jpg 768w, https:\/\/agora.xtec.cat\/iesacumella\/wp-content\/uploads\/usu1642\/2014\/02\/IMG_3365-1024x768.jpg 1024w, https:\/\/agora.xtec.cat\/iesacumella\/wp-content\/uploads\/usu1642\/2014\/02\/IMG_3365-200x150.jpg 200w\" sizes=\"auto, (max-width: 300px) 100vw, 300px\" \/><\/a><\/p>\n<p><a href=\"http:\/\/blog.iesacumella.cat\/wp-content\/uploads\/2014\/02\/Produce.wmv\"><br \/>\n<\/a><!--:--><\/p>\n","protected":false},"excerpt":{"rendered":"<p>El passat 25 de novembre, dia internacional per a la eliminaci\u00f3 de la viol\u00e8ncia contra les dones, els alumnes de 2n d&#8217;ESO v\u00e0rem fer una activitat creativa per promoure la igualtat entre homes i dones aix\u00ed com per prevenir i combatir la discriminaci\u00f3 de la&hellip;  <a href=\"https:\/\/agora.xtec.cat\/iesacumella\/portada\/general\/educacio-una-eina-per-canviar-el-mon\/\" title=\"Read EDUCACI\u00d3: Una eina per canviar el m\u00f3n\">Llegeix m\u00e9s\u00bb<\/a><\/p>\n","protected":false},"author":1,"featured_media":1251,"comment_status":"closed","ping_status":"closed","sticky":false,"template":"","format":"standard","meta":{"_bbp_topic_count":0,"_bbp_reply_count":0,"_bbp_total_topic_count":0,"_bbp_total_reply_count":0,"_bbp_voice_count":0,"_bbp_anonymous_reply_count":0,"_bbp_topic_count_hidden":0,"_bbp_reply_count_hidden":0,"_bbp_forum_subforum_count":0,"footnotes":""},"categories":[1],"tags":[],"class_list":["post-1238","post","type-post","status-publish","format-standard","has-post-thumbnail","hentry","category-general"],"post_mailing_queue_ids":[],"_links":{"self":[{"href":"https:\/\/agora.xtec.cat\/iesacumella\/wp-json\/wp\/v2\/posts\/1238","targetHints":{"allow":["GET"]}}],"collection":[{"href":"https:\/\/agora.xtec.cat\/iesacumella\/wp-json\/wp\/v2\/posts"}],"about":[{"href":"https:\/\/agora.xtec.cat\/iesacumella\/wp-json\/wp\/v2\/types\/post"}],"author":[{"embeddable":true,"href":"https:\/\/agora.xtec.cat\/iesacumella\/wp-json\/wp\/v2\/users\/1"}],"replies":[{"embeddable":true,"href":"https:\/\/agora.xtec.cat\/iesacumella\/wp-json\/wp\/v2\/comments?post=1238"}],"version-history":[{"count":0,"href":"https:\/\/agora.xtec.cat\/iesacumella\/wp-json\/wp\/v2\/posts\/1238\/revisions"}],"wp:featuredmedia":[{"embeddable":true,"href":"https:\/\/agora.xtec.cat\/iesacumella\/wp-json\/wp\/v2\/media\/1251"}],"wp:attachment":[{"href":"https:\/\/agora.xtec.cat\/iesacumella\/wp-json\/wp\/v2\/media?parent=1238"}],"wp:term":[{"taxonomy":"category","embeddable":true,"href":"https:\/\/agora.xtec.cat\/iesacumella\/wp-json\/wp\/v2\/categories?post=1238"},{"taxonomy":"post_tag","embeddable":true,"href":"https:\/\/agora.xtec.cat\/iesacumella\/wp-json\/wp\/v2\/tags?post=1238"}],"curies":[{"name":"wp","href":"https:\/\/api.w.org\/{rel}","templated":true}]}}