{"id":1198,"date":"2014-02-04T12:27:49","date_gmt":"2014-02-04T11:27:49","guid":{"rendered":"http:\/\/blog.iesacumella.cat\/?p=1198"},"modified":"2014-02-04T12:27:49","modified_gmt":"2014-02-04T11:27:49","slug":"setmana-de-la-solidaritat","status":"publish","type":"post","link":"https:\/\/agora.xtec.cat\/iesacumella\/portada\/general\/setmana-de-la-solidaritat\/","title":{"rendered":"SETMANA DE LA SOLIDARITAT"},"content":{"rendered":"<p><!--:ca-->\n\t\t<style type=\"text\/css\">\n\t\t\t#gallery-1 {\n\t\t\t\tmargin: auto;\n\t\t\t}\n\t\t\t#gallery-1 .gallery-item {\n\t\t\t\tfloat: left;\n\t\t\t\tmargin-top: 10px;\n\t\t\t\ttext-align: center;\n\t\t\t\twidth: 33%;\n\t\t\t}\n\t\t\t#gallery-1 img {\n\t\t\t\tborder: 2px solid #cfcfcf;\n\t\t\t}\n\t\t\t#gallery-1 .gallery-caption {\n\t\t\t\tmargin-left: 0;\n\t\t\t}\n\t\t\t\/* see gallery_shortcode() in wp-includes\/media.php *\/\n\t\t<\/style>\n\t\t<div id='gallery-1' class='gallery galleryid-1198 gallery-columns-3 gallery-size-thumbnail'><dl class='gallery-item'>\n\t\t\t<dt class='gallery-icon landscape'>\n\t\t\t\t<a href='https:\/\/agora.xtec.cat\/iesacumella\/portada\/general\/setmana-de-la-solidaritat\/attachment\/pastis-1-2\/'><img loading=\"lazy\" decoding=\"async\" width=\"150\" height=\"150\" src=\"https:\/\/agora.xtec.cat\/iesacumella\/wp-content\/uploads\/usu1642\/2014\/02\/Past\u00eds-11-150x150.jpg\" class=\"attachment-thumbnail size-thumbnail\" alt=\"\" aria-describedby=\"gallery-1-1213\" \/><\/a>\n\t\t\t<\/dt>\n\t\t\t\t<dd class='wp-caption-text gallery-caption' id='gallery-1-1213'>\n\t\t\t\tPast\u00eds guanyador\n\t\t\t\t<\/dd><\/dl><dl class='gallery-item'>\n\t\t\t<dt class='gallery-icon landscape'>\n\t\t\t\t<a href='https:\/\/agora.xtec.cat\/iesacumella\/portada\/general\/setmana-de-la-solidaritat\/attachment\/progrma-set-sol-2014\/'><img loading=\"lazy\" decoding=\"async\" width=\"150\" height=\"150\" src=\"https:\/\/agora.xtec.cat\/iesacumella\/wp-content\/uploads\/usu1642\/2014\/02\/Progrma-set-sol-2014-150x150.jpg\" class=\"attachment-thumbnail size-thumbnail\" alt=\"\" aria-describedby=\"gallery-1-1212\" \/><\/a>\n\t\t\t<\/dt>\n\t\t\t\t<dd class='wp-caption-text gallery-caption' id='gallery-1-1212'>\n\t\t\t\tPrograma setmana solid\u00e0ria\n\t\t\t\t<\/dd><\/dl><dl class='gallery-item'>\n\t\t\t<dt class='gallery-icon landscape'>\n\t\t\t\t<a href='https:\/\/agora.xtec.cat\/iesacumella\/portada\/general\/setmana-de-la-solidaritat\/attachment\/pastisso-6\/'><img loading=\"lazy\" decoding=\"async\" width=\"150\" height=\"150\" src=\"https:\/\/agora.xtec.cat\/iesacumella\/wp-content\/uploads\/usu1642\/2014\/02\/Past\u00edsso-6-150x150.jpg\" class=\"attachment-thumbnail size-thumbnail\" alt=\"\" aria-describedby=\"gallery-1-1211\" \/><\/a>\n\t\t\t<\/dt>\n\t\t\t\t<dd class='wp-caption-text gallery-caption' id='gallery-1-1211'>\n\t\t\t\tEsmorzar solidari\n\t\t\t\t<\/dd><\/dl><br style=\"clear: both\" \/><dl class='gallery-item'>\n\t\t\t<dt class='gallery-icon landscape'>\n\t\t\t\t<a href='https:\/\/agora.xtec.cat\/iesacumella\/portada\/general\/setmana-de-la-solidaritat\/attachment\/pastis-5\/'><img loading=\"lazy\" decoding=\"async\" width=\"150\" height=\"150\" src=\"https:\/\/agora.xtec.cat\/iesacumella\/wp-content\/uploads\/usu1642\/2014\/02\/Past\u00eds-5-150x150.jpg\" class=\"attachment-thumbnail size-thumbnail\" alt=\"\" aria-describedby=\"gallery-1-1210\" \/><\/a>\n\t\t\t<\/dt>\n\t\t\t\t<dd class='wp-caption-text gallery-caption' id='gallery-1-1210'>\n\t\t\t\tCupcakes guanyadores\n\t\t\t\t<\/dd><\/dl><dl class='gallery-item'>\n\t\t\t<dt class='gallery-icon landscape'>\n\t\t\t\t<a href='https:\/\/agora.xtec.cat\/iesacumella\/portada\/general\/setmana-de-la-solidaritat\/attachment\/pastis-4\/'><img loading=\"lazy\" decoding=\"async\" width=\"150\" height=\"150\" src=\"https:\/\/agora.xtec.cat\/iesacumella\/wp-content\/uploads\/usu1642\/2014\/02\/Past\u00eds-4-150x150.jpg\" class=\"attachment-thumbnail size-thumbnail\" alt=\"\" aria-describedby=\"gallery-1-1209\" \/><\/a>\n\t\t\t<\/dt>\n\t\t\t\t<dd class='wp-caption-text gallery-caption' id='gallery-1-1209'>\n\t\t\t\tPast\u00eds guanyador\n\t\t\t\t<\/dd><\/dl><dl class='gallery-item'>\n\t\t\t<dt class='gallery-icon landscape'>\n\t\t\t\t<a href='https:\/\/agora.xtec.cat\/iesacumella\/portada\/general\/setmana-de-la-solidaritat\/attachment\/pastis-3\/'><img loading=\"lazy\" decoding=\"async\" width=\"150\" height=\"150\" src=\"https:\/\/agora.xtec.cat\/iesacumella\/wp-content\/uploads\/usu1642\/2014\/02\/Past\u00eds-3-150x150.jpg\" class=\"attachment-thumbnail size-thumbnail\" alt=\"\" aria-describedby=\"gallery-1-1208\" \/><\/a>\n\t\t\t<\/dt>\n\t\t\t\t<dd class='wp-caption-text gallery-caption' id='gallery-1-1208'>\n\t\t\t\tPast\u00eds guanyador\n\t\t\t\t<\/dd><\/dl><br style=\"clear: both\" \/><dl class='gallery-item'>\n\t\t\t<dt class='gallery-icon landscape'>\n\t\t\t\t<a href='https:\/\/agora.xtec.cat\/iesacumella\/portada\/general\/setmana-de-la-solidaritat\/attachment\/pastis-2\/'><img loading=\"lazy\" decoding=\"async\" width=\"150\" height=\"150\" src=\"https:\/\/agora.xtec.cat\/iesacumella\/wp-content\/uploads\/usu1642\/2014\/02\/Past\u00eds-2-150x150.jpg\" class=\"attachment-thumbnail size-thumbnail\" alt=\"\" aria-describedby=\"gallery-1-1207\" \/><\/a>\n\t\t\t<\/dt>\n\t\t\t\t<dd class='wp-caption-text gallery-caption' id='gallery-1-1207'>\n\t\t\t\tPast\u00eds guanyador\n\t\t\t\t<\/dd><\/dl><dl class='gallery-item'>\n\t\t\t<dt class='gallery-icon landscape'>\n\t\t\t\t<a href='https:\/\/agora.xtec.cat\/iesacumella\/portada\/general\/setmana-de-la-solidaritat\/attachment\/dsc09561\/'><img loading=\"lazy\" decoding=\"async\" width=\"150\" height=\"150\" src=\"https:\/\/agora.xtec.cat\/iesacumella\/wp-content\/uploads\/usu1642\/2014\/02\/DSC09561-150x150.jpg\" class=\"attachment-thumbnail size-thumbnail\" alt=\"\" aria-describedby=\"gallery-1-1205\" \/><\/a>\n\t\t\t<\/dt>\n\t\t\t\t<dd class='wp-caption-text gallery-caption' id='gallery-1-1205'>\n\t\t\t\tGuanyadores concurs pastissos (menys la Marta)\n\t\t\t\t<\/dd><\/dl><dl class='gallery-item'>\n\t\t\t<dt class='gallery-icon landscape'>\n\t\t\t\t<a href='https:\/\/agora.xtec.cat\/iesacumella\/portada\/general\/setmana-de-la-solidaritat\/attachment\/dsc09559\/'><img loading=\"lazy\" decoding=\"async\" width=\"150\" height=\"150\" src=\"https:\/\/agora.xtec.cat\/iesacumella\/wp-content\/uploads\/usu1642\/2014\/02\/DSC09559-150x150.jpg\" class=\"attachment-thumbnail size-thumbnail\" alt=\"\" aria-describedby=\"gallery-1-1204\" \/><\/a>\n\t\t\t<\/dt>\n\t\t\t\t<dd class='wp-caption-text gallery-caption' id='gallery-1-1204'>\n\t\t\t\tGuanyadores concurs pastissos: Andrea P\u00e9rez, Marta i Laia Aymerich, Helena Tordera i Mireia Tobar. (A la fotot hi falta la Marta)\n\t\t\t\t<\/dd><\/dl><br style=\"clear: both\" \/><dl class='gallery-item'>\n\t\t\t<dt class='gallery-icon landscape'>\n\t\t\t\t<a href='https:\/\/agora.xtec.cat\/iesacumella\/portada\/general\/setmana-de-la-solidaritat\/attachment\/dsc09550\/'><img loading=\"lazy\" decoding=\"async\" width=\"150\" height=\"150\" src=\"https:\/\/agora.xtec.cat\/iesacumella\/wp-content\/uploads\/usu1642\/2014\/02\/DSC09550-150x150.jpg\" class=\"attachment-thumbnail size-thumbnail\" alt=\"\" aria-describedby=\"gallery-1-1203\" \/><\/a>\n\t\t\t<\/dt>\n\t\t\t\t<dd class='wp-caption-text gallery-caption' id='gallery-1-1203'>\n\t\t\t\tEsmorzar solidari\n\t\t\t\t<\/dd><\/dl><dl class='gallery-item'>\n\t\t\t<dt class='gallery-icon landscape'>\n\t\t\t\t<a href='https:\/\/agora.xtec.cat\/iesacumella\/portada\/general\/setmana-de-la-solidaritat\/attachment\/dsc09548\/'><img loading=\"lazy\" decoding=\"async\" width=\"150\" height=\"150\" src=\"https:\/\/agora.xtec.cat\/iesacumella\/wp-content\/uploads\/usu1642\/2014\/02\/DSC09548-150x150.jpg\" class=\"attachment-thumbnail size-thumbnail\" alt=\"\" aria-describedby=\"gallery-1-1202\" \/><\/a>\n\t\t\t<\/dt>\n\t\t\t\t<dd class='wp-caption-text gallery-caption' id='gallery-1-1202'>\n\t\t\t\tAmics de l&#8217;\u00c0frica\n\t\t\t\t<\/dd><\/dl><dl class='gallery-item'>\n\t\t\t<dt class='gallery-icon landscape'>\n\t\t\t\t<a href='https:\/\/agora.xtec.cat\/iesacumella\/portada\/general\/setmana-de-la-solidaritat\/attachment\/dsc09549\/'><img loading=\"lazy\" decoding=\"async\" width=\"150\" height=\"150\" src=\"https:\/\/agora.xtec.cat\/iesacumella\/wp-content\/uploads\/usu1642\/2014\/02\/DSC09549-150x150.jpg\" class=\"attachment-thumbnail size-thumbnail\" alt=\"\" aria-describedby=\"gallery-1-1201\" \/><\/a>\n\t\t\t<\/dt>\n\t\t\t\t<dd class='wp-caption-text gallery-caption' id='gallery-1-1201'>\n\t\t\t\tEsmorzar solidari\n\t\t\t\t<\/dd><\/dl><br style=\"clear: both\" \/><dl class='gallery-item'>\n\t\t\t<dt class='gallery-icon landscape'>\n\t\t\t\t<a href='https:\/\/agora.xtec.cat\/iesacumella\/portada\/general\/setmana-de-la-solidaritat\/attachment\/arcadi-1\/'><img loading=\"lazy\" decoding=\"async\" width=\"150\" height=\"150\" src=\"https:\/\/agora.xtec.cat\/iesacumella\/wp-content\/uploads\/usu1642\/2014\/02\/Arcadi-1-150x150.jpg\" class=\"attachment-thumbnail size-thumbnail\" alt=\"\" aria-describedby=\"gallery-1-1200\" \/><\/a>\n\t\t\t<\/dt>\n\t\t\t\t<dd class='wp-caption-text gallery-caption' id='gallery-1-1200'>\n\t\t\t\tConfer\u00e8ncia de l&#8217;Arcadi Oliveres\n\t\t\t\t<\/dd><\/dl><dl class='gallery-item'>\n\t\t\t<dt class='gallery-icon landscape'>\n\t\t\t\t<a href='https:\/\/agora.xtec.cat\/iesacumella\/amics-africa-1\/'><img loading=\"lazy\" decoding=\"async\" width=\"150\" height=\"150\" src=\"https:\/\/agora.xtec.cat\/iesacumella\/wp-content\/uploads\/usu1642\/2014\/02\/Amics-\u00e0frica-1-150x150.jpg\" class=\"attachment-thumbnail size-thumbnail\" alt=\"\" aria-describedby=\"gallery-1-1197\" \/><\/a>\n\t\t\t<\/dt>\n\t\t\t\t<dd class='wp-caption-text gallery-caption' id='gallery-1-1197'>\n\t\t\t\tAmics de l&#8217;\u00c0frica\n\t\t\t\t<\/dd><\/dl>\n\t\t\t<br style='clear: both' \/>\n\t\t<\/div>\n<br \/>\nLa Setmana Solid\u00e0ria s&#8217;ha celebrat al Cumella del 27 al 31 de gener, organitzada una vegada m\u00e9s pels membres del SAC. Hi ha hagut diversos actes i confer\u00e8ncies, entre elles la de l&#8217;ONG Sonrisas de Bombay, la de Dani Banegas, la d&#8217;Arcadi Oliveres de l&#8217;ONG Just\u00edcia i Pau i la de Merc\u00e8 Riera, del Xiprer. A aquesta darrera entitat granollerina, que t\u00e9 un menjador social i un centre de repartiment d&#8217;aliments, s&#8217;han donat els diners de la recaptaci\u00f3 del concurs de pastissos solidaris que es va fer divendres al mat\u00ed.<br \/>\nMoltes gr\u00e0cies a tots i totes els qui heu col\u00b7laborat en l&#8217;\u00e8xit d&#8217;aquesta nova Setmana de la Solidaritat. I enhorabona a les guanyadores del concurs de pastissos: les germanes Marta i Laia Aymerich, l&#8217;Andrea P\u00e9rez, l&#8217;Helena Tordera i la Mireia Tobar.<!--:--><\/p>\n","protected":false},"excerpt":{"rendered":"<p>\t\t\t#gallery-2 {<br \/>\n\t\t\t\tmargin: auto;<br \/>\n\t\t\t}<br \/>\n\t\t\t#gallery-2 .gallery-item {<br \/>\n\t\t\t\tfloat: left;<br \/>\n\t\t\t\tmargin-top: 10px;<br \/>\n\t\t\t\ttext-align: center;<br \/>\n\t\t\t\twidth: 33%;<br \/>\n\t\t\t}<br \/>\n\t\t\t#gallery-2 img {<br \/>\n\t\t\t\tborder: 2px solid #cfcfcf;<br \/>\n\t\t\t}<br \/>\n\t\t\t#gallery-2 .gallery-caption {<br \/>\n\t\t\t\tmargin-left: 0;<br \/>\n\t\t\t}<br \/>\n\t\t\t\/* see gallery_shortcode() in wp-includes\/media.php *\/<\/p>\n<p>\t\t\t\t<a href='https:\/\/agora.xtec.cat\/iesacumella\/portada\/general\/setmana-de-la-solidaritat\/attachment\/pastis-1-2\/'><\/a><\/p>\n<p>\t\t\t\tPast\u00eds guanyador<\/p>\n<p>\t\t\t\t<a href='https:\/\/agora.xtec.cat\/iesacumella\/portada\/general\/setmana-de-la-solidaritat\/attachment\/progrma-set-sol-2014\/'><\/a><\/p>\n<p>\t\t\t\tPrograma setmana solid\u00e0ria<\/p>\n<p>\t\t\t\t<a href='https:\/\/agora.xtec.cat\/iesacumella\/portada\/general\/setmana-de-la-solidaritat\/attachment\/pastisso-6\/'><\/a><\/p>\n<p>\t\t\t\tEsmorzar solidari<\/p>\n<p>\t\t\t\t<a href='https:\/\/agora.xtec.cat\/iesacumella\/portada\/general\/setmana-de-la-solidaritat\/attachment\/pastis-5\/'><\/a><\/p>\n<p>\t\t\t\tCupcakes guanyadores<\/p>\n<p>\t\t\t\t<a href='https:\/\/agora.xtec.cat\/iesacumella\/portada\/general\/setmana-de-la-solidaritat\/attachment\/pastis-4\/'><\/a><\/p>\n<p>\t\t\t\tPast\u00eds guanyador<\/p>\n<p>\t\t\t\t<a href='https:\/\/agora.xtec.cat\/iesacumella\/portada\/general\/setmana-de-la-solidaritat\/attachment\/pastis-3\/'><\/a><\/p>\n<p>\t\t\t\tPast\u00eds guanyador<\/p>\n<p>\t\t\t\t<a href='https:\/\/agora.xtec.cat\/iesacumella\/portada\/general\/setmana-de-la-solidaritat\/attachment\/pastis-2\/'><\/a><\/p>\n<p>\t\t\t\tPast\u00eds guanyador<\/p>\n<p>\t\t\t\t<a href='https:\/\/agora.xtec.cat\/iesacumella\/portada\/general\/setmana-de-la-solidaritat\/attachment\/dsc09561\/'><\/a><\/p>\n<p>\t\t\t\tGuanyadores concurs pastissos (menys la Marta)<\/p>\n<p>\t\t\t\t<a href='https:\/\/agora.xtec.cat\/iesacumella\/portada\/general\/setmana-de-la-solidaritat\/attachment\/dsc09559\/'><\/a><\/p>\n<p>\t\t\t\tGuanyadores concurs&hellip;  <a href=\"https:\/\/agora.xtec.cat\/iesacumella\/portada\/general\/setmana-de-la-solidaritat\/\" title=\"Read SETMANA DE LA SOLIDARITAT\">Llegeix m\u00e9s\u00bb<\/a><\/p>\n","protected":false},"author":1,"featured_media":1213,"comment_status":"closed","ping_status":"closed","sticky":false,"template":"","format":"standard","meta":{"_bbp_topic_count":0,"_bbp_reply_count":0,"_bbp_total_topic_count":0,"_bbp_total_reply_count":0,"_bbp_voice_count":0,"_bbp_anonymous_reply_count":0,"_bbp_topic_count_hidden":0,"_bbp_reply_count_hidden":0,"_bbp_forum_subforum_count":0,"footnotes":""},"categories":[1],"tags":[],"class_list":["post-1198","post","type-post","status-publish","format-standard","has-post-thumbnail","hentry","category-general"],"post_mailing_queue_ids":[],"_links":{"self":[{"href":"https:\/\/agora.xtec.cat\/iesacumella\/wp-json\/wp\/v2\/posts\/1198","targetHints":{"allow":["GET"]}}],"collection":[{"href":"https:\/\/agora.xtec.cat\/iesacumella\/wp-json\/wp\/v2\/posts"}],"about":[{"href":"https:\/\/agora.xtec.cat\/iesacumella\/wp-json\/wp\/v2\/types\/post"}],"author":[{"embeddable":true,"href":"https:\/\/agora.xtec.cat\/iesacumella\/wp-json\/wp\/v2\/users\/1"}],"replies":[{"embeddable":true,"href":"https:\/\/agora.xtec.cat\/iesacumella\/wp-json\/wp\/v2\/comments?post=1198"}],"version-history":[{"count":0,"href":"https:\/\/agora.xtec.cat\/iesacumella\/wp-json\/wp\/v2\/posts\/1198\/revisions"}],"wp:featuredmedia":[{"embeddable":true,"href":"https:\/\/agora.xtec.cat\/iesacumella\/wp-json\/wp\/v2\/media\/1213"}],"wp:attachment":[{"href":"https:\/\/agora.xtec.cat\/iesacumella\/wp-json\/wp\/v2\/media?parent=1198"}],"wp:term":[{"taxonomy":"category","embeddable":true,"href":"https:\/\/agora.xtec.cat\/iesacumella\/wp-json\/wp\/v2\/categories?post=1198"},{"taxonomy":"post_tag","embeddable":true,"href":"https:\/\/agora.xtec.cat\/iesacumella\/wp-json\/wp\/v2\/tags?post=1198"}],"curies":[{"name":"wp","href":"https:\/\/api.w.org\/{rel}","templated":true}]}}