{"id":1182,"date":"2014-01-28T10:47:01","date_gmt":"2014-01-28T09:47:01","guid":{"rendered":"http:\/\/blog.iesacumella.cat\/?p=1182"},"modified":"2014-01-28T10:47:01","modified_gmt":"2014-01-28T09:47:01","slug":"proves-anuals-per-completar-els-ensenyament-deso","status":"publish","type":"post","link":"https:\/\/agora.xtec.cat\/iesacumella\/portada\/general\/proves-anuals-per-completar-els-ensenyament-deso\/","title":{"rendered":"Proves anuals per completar els ensenyament d&#8217;ESO"},"content":{"rendered":"<p>Han estat convocades les proves per a l&#8217;obtenci\u00f3 del t\u00edtol de graduat en ESO, per als alumnes que NO l&#8217;hagin obtingut els cursos  2012 o 2013, amb un m\u00e0xin de cinc mat\u00e8ries pendents.<br \/>\nEl termini de presentaci\u00f3 de la sol.licitud a la Secretaria del centre \u00e9s del 3 al 17 de febrer de 2014.<br \/>\nPer a m\u00e9s informaci\u00f3 adre\u00e7ar-se a la Secretaria.<\/p>\n","protected":false},"excerpt":{"rendered":"<p>Han estat convocades les proves per a l&#8217;obtenci\u00f3 del t\u00edtol de graduat en ESO, per als alumnes que NO l&#8217;hagin obtingut els cursos  2012 o 2013, amb un m\u00e0xin de cinc mat\u00e8ries pendents.<br \/>\nEl termini de presentaci\u00f3 de la sol.licitud a la Secretaria del centre&hellip;  <a href=\"https:\/\/agora.xtec.cat\/iesacumella\/portada\/general\/proves-anuals-per-completar-els-ensenyament-deso\/\" title=\"Read Proves anuals per completar els ensenyament d&#8217;ESO\">Llegeix m\u00e9s\u00bb<\/a><\/p>\n","protected":false},"author":1,"featured_media":0,"comment_status":"closed","ping_status":"closed","sticky":false,"template":"","format":"standard","meta":{"_bbp_topic_count":0,"_bbp_reply_count":0,"_bbp_total_topic_count":0,"_bbp_total_reply_count":0,"_bbp_voice_count":0,"_bbp_anonymous_reply_count":0,"_bbp_topic_count_hidden":0,"_bbp_reply_count_hidden":0,"_bbp_forum_subforum_count":0,"footnotes":""},"categories":[1],"tags":[],"class_list":["post-1182","post","type-post","status-publish","format-standard","hentry","category-general"],"post_mailing_queue_ids":[],"_links":{"self":[{"href":"https:\/\/agora.xtec.cat\/iesacumella\/wp-json\/wp\/v2\/posts\/1182","targetHints":{"allow":["GET"]}}],"collection":[{"href":"https:\/\/agora.xtec.cat\/iesacumella\/wp-json\/wp\/v2\/posts"}],"about":[{"href":"https:\/\/agora.xtec.cat\/iesacumella\/wp-json\/wp\/v2\/types\/post"}],"author":[{"embeddable":true,"href":"https:\/\/agora.xtec.cat\/iesacumella\/wp-json\/wp\/v2\/users\/1"}],"replies":[{"embeddable":true,"href":"https:\/\/agora.xtec.cat\/iesacumella\/wp-json\/wp\/v2\/comments?post=1182"}],"version-history":[{"count":0,"href":"https:\/\/agora.xtec.cat\/iesacumella\/wp-json\/wp\/v2\/posts\/1182\/revisions"}],"wp:attachment":[{"href":"https:\/\/agora.xtec.cat\/iesacumella\/wp-json\/wp\/v2\/media?parent=1182"}],"wp:term":[{"taxonomy":"category","embeddable":true,"href":"https:\/\/agora.xtec.cat\/iesacumella\/wp-json\/wp\/v2\/categories?post=1182"},{"taxonomy":"post_tag","embeddable":true,"href":"https:\/\/agora.xtec.cat\/iesacumella\/wp-json\/wp\/v2\/tags?post=1182"}],"curies":[{"name":"wp","href":"https:\/\/api.w.org\/{rel}","templated":true}]}}