{"id":1167,"date":"2014-01-26T13:46:02","date_gmt":"2014-01-26T12:46:02","guid":{"rendered":"http:\/\/blog.iesacumella.cat\/?p=1167"},"modified":"2014-01-26T13:46:02","modified_gmt":"2014-01-26T12:46:02","slug":"trobada-dines-macpherson-amb-els-alumnes-de-quart-deso","status":"publish","type":"post","link":"https:\/\/agora.xtec.cat\/iesacumella\/portada\/general\/trobada-dines-macpherson-amb-els-alumnes-de-quart-deso\/","title":{"rendered":"Trobada d&#8217;In\u00e9s Macpherson amb els alumnes de quart d&#8217;ESO"},"content":{"rendered":"<p><!--:ca--><a href=\"http:\/\/agora.xtec.cat\/iesacumella\/wp-content\/uploads\/usu1642\/2014\/01\/DSC09493.jpg\"><img loading=\"lazy\" decoding=\"async\" class=\"alignnone size-medium wp-image-1170\" alt=\"DSC09493\" src=\"http:\/\/agora.xtec.cat\/iesacumella\/wp-content\/uploads\/usu1642\/2014\/01\/DSC09493-300x168.jpg\" width=\"300\" height=\"168\" \/><\/a><\/p>\n<p>L&#8217;autora de la novel\u00b7la\u00a0<em>El secret de Lucia Morke<\/em>\u00a0va venir el dijous 23 de gener a l&#8217;Institut Antoni Cumella. Els alumnes de quart havien llegit aquesta obra amb entusiasme. Varen poder compartir moltes experi\u00e8ncies de la lectura, sentir an\u00e8cdotes interessants de l&#8217;ofici d&#8217;escriure i de la construcci\u00f3 d&#8217;una hist\u00f2ria. Despr\u00e9s de les preguntes dels nois i noies, In\u00e9s Macpherson encara va escriure i signar dedicat\u00f2ries als llibres de tots aquells que ho van voler.<\/p>\n<p>&nbsp;<!--:--><\/p>\n","protected":false},"excerpt":{"rendered":"<p><a href=\"http:\/\/agora.xtec.cat\/iesacumella\/wp-content\/uploads\/usu1642\/2014\/01\/DSC09493.jpg\"><\/a><br \/>\nL&#8217;autora de la novel\u00b7la\u00a0El secret de Lucia Morke\u00a0va venir el dijous 23 de gener a l&#8217;Institut Antoni Cumella. Els alumnes de quart havien llegit aquesta obra amb entusiasme. Varen poder compartir moltes experi\u00e8ncies de la lectura, sentir an\u00e8cdotes interessants de l&#8217;ofici d&#8217;escriure i de&hellip;  <a href=\"https:\/\/agora.xtec.cat\/iesacumella\/portada\/general\/trobada-dines-macpherson-amb-els-alumnes-de-quart-deso\/\" title=\"Read Trobada d&#8217;In\u00e9s Macpherson amb els alumnes de quart d&#8217;ESO\">Llegeix m\u00e9s\u00bb<\/a><\/p>\n","protected":false},"author":1,"featured_media":1170,"comment_status":"closed","ping_status":"closed","sticky":false,"template":"","format":"standard","meta":{"_bbp_topic_count":0,"_bbp_reply_count":0,"_bbp_total_topic_count":0,"_bbp_total_reply_count":0,"_bbp_voice_count":0,"_bbp_anonymous_reply_count":0,"_bbp_topic_count_hidden":0,"_bbp_reply_count_hidden":0,"_bbp_forum_subforum_count":0,"footnotes":""},"categories":[1],"tags":[],"class_list":["post-1167","post","type-post","status-publish","format-standard","has-post-thumbnail","hentry","category-general"],"post_mailing_queue_ids":[],"_links":{"self":[{"href":"https:\/\/agora.xtec.cat\/iesacumella\/wp-json\/wp\/v2\/posts\/1167","targetHints":{"allow":["GET"]}}],"collection":[{"href":"https:\/\/agora.xtec.cat\/iesacumella\/wp-json\/wp\/v2\/posts"}],"about":[{"href":"https:\/\/agora.xtec.cat\/iesacumella\/wp-json\/wp\/v2\/types\/post"}],"author":[{"embeddable":true,"href":"https:\/\/agora.xtec.cat\/iesacumella\/wp-json\/wp\/v2\/users\/1"}],"replies":[{"embeddable":true,"href":"https:\/\/agora.xtec.cat\/iesacumella\/wp-json\/wp\/v2\/comments?post=1167"}],"version-history":[{"count":0,"href":"https:\/\/agora.xtec.cat\/iesacumella\/wp-json\/wp\/v2\/posts\/1167\/revisions"}],"wp:featuredmedia":[{"embeddable":true,"href":"https:\/\/agora.xtec.cat\/iesacumella\/wp-json\/wp\/v2\/media\/1170"}],"wp:attachment":[{"href":"https:\/\/agora.xtec.cat\/iesacumella\/wp-json\/wp\/v2\/media?parent=1167"}],"wp:term":[{"taxonomy":"category","embeddable":true,"href":"https:\/\/agora.xtec.cat\/iesacumella\/wp-json\/wp\/v2\/categories?post=1167"},{"taxonomy":"post_tag","embeddable":true,"href":"https:\/\/agora.xtec.cat\/iesacumella\/wp-json\/wp\/v2\/tags?post=1167"}],"curies":[{"name":"wp","href":"https:\/\/api.w.org\/{rel}","templated":true}]}}