{"id":1081,"date":"2013-10-10T17:03:05","date_gmt":"2013-10-10T16:03:05","guid":{"rendered":"http:\/\/blog.iesacumella.cat\/?p=1081"},"modified":"2013-10-10T17:03:05","modified_gmt":"2013-10-10T16:03:05","slug":"presentacio-del-projecte-singular-junts","status":"publish","type":"post","link":"https:\/\/agora.xtec.cat\/iesacumella\/portada\/departaments\/llengua-catalana\/presentacio-del-projecte-singular-junts\/","title":{"rendered":"Presentaci\u00f3 del Projecte Singular &#8220;Junts&#8221;"},"content":{"rendered":"<p><!--:ca-->Dimecres dia 9 d&#8217;octubre es va fer a la sala d&#8217;actes del nostre centre la presentaci\u00f3 del Projecte Singular &#8220;Junts&#8221;. L&#8217;objectiu d&#8217;aquesta presentaci\u00f3 era donar a con\u00e8ixer a les fam\u00edlies dels nois i noies participants en qu\u00e8 consisteixen els tastets d&#8217;oficis, el paper de l&#8217;Ajuntament i els termes legals d&#8217;aquest programa. A l&#8217;acte hi van assistir  la senyora Pietat Sanjuan, regidora d&#8217;educaci\u00f3, el senyor Miquel Badia, inspector, i el senyor Pere Gabern, coordinador del projecte &#8220;Junts&#8221;, els quals van donar la benvinguda als assistents i van explicar amb detall la import\u00e0ncia i les caracter\u00edstiques del projecte. Tamb\u00e9 va ser interessant l&#8217;exposici\u00f3 d&#8217;un ex alumne que va participar l&#8217;any passat en el projecte &#8220;Junts&#8221; i va compartir la seva experi\u00e8ncia amb els presents. Enguany  formaran part del projecte seixanta nois i noies, cinc dels quals s\u00f3n de l&#8217;institut Antoni Cumella.<!--:--><\/p>\n","protected":false},"excerpt":{"rendered":"<p>Dimecres dia 9 d&#8217;octubre es va fer a la sala d&#8217;actes del nostre centre la presentaci\u00f3 del Projecte Singular &#8220;Junts&#8221;. L&#8217;objectiu d&#8217;aquesta presentaci\u00f3 era donar a con\u00e8ixer a les fam\u00edlies dels nois i noies participants en qu\u00e8 consisteixen els tastets d&#8217;oficis, el paper de l&#8217;Ajuntament&hellip;  <a href=\"https:\/\/agora.xtec.cat\/iesacumella\/portada\/departaments\/llengua-catalana\/presentacio-del-projecte-singular-junts\/\" title=\"Read Presentaci\u00f3 del Projecte Singular &#8220;Junts&#8221;\">Llegeix m\u00e9s\u00bb<\/a><\/p>\n","protected":false},"author":1,"featured_media":0,"comment_status":"closed","ping_status":"closed","sticky":false,"template":"","format":"standard","meta":{"_bbp_topic_count":0,"_bbp_reply_count":0,"_bbp_total_topic_count":0,"_bbp_total_reply_count":0,"_bbp_voice_count":0,"_bbp_anonymous_reply_count":0,"_bbp_topic_count_hidden":0,"_bbp_reply_count_hidden":0,"_bbp_forum_subforum_count":0,"footnotes":""},"categories":[111],"tags":[],"class_list":["post-1081","post","type-post","status-publish","format-standard","hentry","category-llengua-catalana"],"post_mailing_queue_ids":[],"_links":{"self":[{"href":"https:\/\/agora.xtec.cat\/iesacumella\/wp-json\/wp\/v2\/posts\/1081","targetHints":{"allow":["GET"]}}],"collection":[{"href":"https:\/\/agora.xtec.cat\/iesacumella\/wp-json\/wp\/v2\/posts"}],"about":[{"href":"https:\/\/agora.xtec.cat\/iesacumella\/wp-json\/wp\/v2\/types\/post"}],"author":[{"embeddable":true,"href":"https:\/\/agora.xtec.cat\/iesacumella\/wp-json\/wp\/v2\/users\/1"}],"replies":[{"embeddable":true,"href":"https:\/\/agora.xtec.cat\/iesacumella\/wp-json\/wp\/v2\/comments?post=1081"}],"version-history":[{"count":0,"href":"https:\/\/agora.xtec.cat\/iesacumella\/wp-json\/wp\/v2\/posts\/1081\/revisions"}],"wp:attachment":[{"href":"https:\/\/agora.xtec.cat\/iesacumella\/wp-json\/wp\/v2\/media?parent=1081"}],"wp:term":[{"taxonomy":"category","embeddable":true,"href":"https:\/\/agora.xtec.cat\/iesacumella\/wp-json\/wp\/v2\/categories?post=1081"},{"taxonomy":"post_tag","embeddable":true,"href":"https:\/\/agora.xtec.cat\/iesacumella\/wp-json\/wp\/v2\/tags?post=1081"}],"curies":[{"name":"wp","href":"https:\/\/api.w.org\/{rel}","templated":true}]}}