{"id":1018,"date":"2013-07-03T14:15:25","date_gmt":"2013-07-03T13:15:25","guid":{"rendered":"http:\/\/blog.iesacumella.cat\/?p=1018"},"modified":"2013-07-03T14:15:25","modified_gmt":"2013-07-03T13:15:25","slug":"picalletres","status":"publish","type":"post","link":"https:\/\/agora.xtec.cat\/iesacumella\/portada\/general\/picalletres\/","title":{"rendered":"PICALLETRES"},"content":{"rendered":"<p><!--:ca-->Ja s&#8217;ha em\u00e8s el programa en qu\u00e8 s&#8217;enfrontaven alumnes de tercer de l&#8217;Escola Cervet\u00f3 i de l&#8217;Institut Antoni Cumella. L&#8217;Andrea P\u00e9rez, la Marina Hern\u00e1ndez i en Sergi Jaimez van fer vencedors els alumnes del nostre institut. Enhorabona!<br \/>\nMireu el v\u00eddeo aqu\u00ed: <a href=\"http:\/\/votv.xiptv.cat\/picalletres\/capitol\/temporada-3-pgm-01\">Picalletres 2013<\/a><\/p>\n<p style=\"text-align: center\"><a href=\"http:\/\/agora.xtec.cat\/iesacumella\/wp-content\/uploads\/usu1642\/2013\/07\/3rC-concursants.jpg\"><img loading=\"lazy\" decoding=\"async\" class=\"alignnone size-medium wp-image-1022\" alt=\"3rC-concursants\" src=\"http:\/\/agora.xtec.cat\/iesacumella\/wp-content\/uploads\/usu1642\/2013\/07\/3rC-concursants-300x225.jpg\" width=\"300\" height=\"225\" srcset=\"https:\/\/agora.xtec.cat\/iesacumella\/wp-content\/uploads\/usu1642\/2013\/07\/3rC-concursants-300x225.jpg 300w, https:\/\/agora.xtec.cat\/iesacumella\/wp-content\/uploads\/usu1642\/2013\/07\/3rC-concursants-768x576.jpg 768w, https:\/\/agora.xtec.cat\/iesacumella\/wp-content\/uploads\/usu1642\/2013\/07\/3rC-concursants-1024x768.jpg 1024w, https:\/\/agora.xtec.cat\/iesacumella\/wp-content\/uploads\/usu1642\/2013\/07\/3rC-concursants-200x150.jpg 200w\" sizes=\"auto, (max-width: 300px) 100vw, 300px\" \/><\/a><\/p>\n<p><!--:--><\/p>\n","protected":false},"excerpt":{"rendered":"<p>Ja s&#8217;ha em\u00e8s el programa en qu\u00e8 s&#8217;enfrontaven alumnes de tercer de l&#8217;Escola Cervet\u00f3 i de l&#8217;Institut Antoni Cumella. L&#8217;Andrea P\u00e9rez, la Marina Hern\u00e1ndez i en Sergi Jaimez van fer vencedors els alumnes del nostre institut. Enhorabona!<br \/>\nMireu el v\u00eddeo aqu\u00ed: <a href=\"http:\/\/votv.xiptv.cat\/picalletres\/capitol\/temporada-3-pgm-01\">Picalletres 2013<\/a><br \/>\n<a href=\"http:\/\/agora.xtec.cat\/iesacumella\/wp-content\/uploads\/usu1642\/2013\/07\/3rC-concursants.jpg\"><\/a><\/p>\n","protected":false},"author":1,"featured_media":1022,"comment_status":"closed","ping_status":"closed","sticky":false,"template":"","format":"standard","meta":{"_bbp_topic_count":0,"_bbp_reply_count":0,"_bbp_total_topic_count":0,"_bbp_total_reply_count":0,"_bbp_voice_count":0,"_bbp_anonymous_reply_count":0,"_bbp_topic_count_hidden":0,"_bbp_reply_count_hidden":0,"_bbp_forum_subforum_count":0,"footnotes":""},"categories":[1],"tags":[],"class_list":["post-1018","post","type-post","status-publish","format-standard","has-post-thumbnail","hentry","category-general"],"post_mailing_queue_ids":[],"_links":{"self":[{"href":"https:\/\/agora.xtec.cat\/iesacumella\/wp-json\/wp\/v2\/posts\/1018","targetHints":{"allow":["GET"]}}],"collection":[{"href":"https:\/\/agora.xtec.cat\/iesacumella\/wp-json\/wp\/v2\/posts"}],"about":[{"href":"https:\/\/agora.xtec.cat\/iesacumella\/wp-json\/wp\/v2\/types\/post"}],"author":[{"embeddable":true,"href":"https:\/\/agora.xtec.cat\/iesacumella\/wp-json\/wp\/v2\/users\/1"}],"replies":[{"embeddable":true,"href":"https:\/\/agora.xtec.cat\/iesacumella\/wp-json\/wp\/v2\/comments?post=1018"}],"version-history":[{"count":0,"href":"https:\/\/agora.xtec.cat\/iesacumella\/wp-json\/wp\/v2\/posts\/1018\/revisions"}],"wp:featuredmedia":[{"embeddable":true,"href":"https:\/\/agora.xtec.cat\/iesacumella\/wp-json\/wp\/v2\/media\/1022"}],"wp:attachment":[{"href":"https:\/\/agora.xtec.cat\/iesacumella\/wp-json\/wp\/v2\/media?parent=1018"}],"wp:term":[{"taxonomy":"category","embeddable":true,"href":"https:\/\/agora.xtec.cat\/iesacumella\/wp-json\/wp\/v2\/categories?post=1018"},{"taxonomy":"post_tag","embeddable":true,"href":"https:\/\/agora.xtec.cat\/iesacumella\/wp-json\/wp\/v2\/tags?post=1018"}],"curies":[{"name":"wp","href":"https:\/\/api.w.org\/{rel}","templated":true}]}}