{"id":1,"date":"2013-02-28T13:19:50","date_gmt":"2013-02-28T12:19:50","guid":{"rendered":"http:\/\/blog.iesacumella.cat\/?p=1"},"modified":"2013-02-28T13:19:50","modified_gmt":"2013-02-28T12:19:50","slug":"portes-obertes","status":"publish","type":"post","link":"https:\/\/agora.xtec.cat\/iesacumella\/portada\/general\/portes-obertes\/","title":{"rendered":"Jornada de Portes Obertes"},"content":{"rendered":"<p><!--:ca-->El dimecres 27 de febrer s&#8217;ha dut a terme, la Jornada de Portes Obertes perqu\u00e8 els pares i mares dels futurs alumnes d&#8217;ESO coneguessin el centre. El professorat de l&#8217;Institut acompanyava les fam\u00edlies a fer un recorregut per les instal\u00b7lacions, mentre responia les preguntes i aclariments dels pares.<\/p>\n<p>Dissabte dia 2 de mar\u00e7, al mat\u00ed, de 10.30 a 12.30 hi haur\u00e0 la segona Jornada de Portes Obertes per a l&#8217;ESO. M\u00e9s endavant hi haur\u00e0 una jornada per donar a con\u00e8ixer el centre al futurs alumnes de batxillerat.<\/p>\n<p><a href=\"http:\/\/agora.xtec.cat\/iesacumella\/wp-content\/uploads\/usu1642\/2013\/02\/imagen1.jpg\"><img loading=\"lazy\" decoding=\"async\" class=\"size-medium wp-image-321 alignleft\" alt=\"imagen1\" src=\"http:\/\/agora.xtec.cat\/iesacumella\/wp-content\/uploads\/usu1642\/2013\/02\/imagen1-300x225.jpg\" width=\"216\" height=\"162\" srcset=\"https:\/\/agora.xtec.cat\/iesacumella\/wp-content\/uploads\/usu1642\/2013\/02\/imagen1-300x225.jpg 300w, https:\/\/agora.xtec.cat\/iesacumella\/wp-content\/uploads\/usu1642\/2013\/02\/imagen1-200x150.jpg 200w, https:\/\/agora.xtec.cat\/iesacumella\/wp-content\/uploads\/usu1642\/2013\/02\/imagen1.jpg 512w\" sizes=\"auto, (max-width: 216px) 100vw, 216px\" \/><\/a><a href=\"http:\/\/agora.xtec.cat\/iesacumella\/wp-content\/uploads\/usu1642\/2013\/02\/imagen2.jpg\"><img loading=\"lazy\" decoding=\"async\" class=\"size-medium wp-image-322 alignleft\" alt=\"imagen2\" src=\"http:\/\/agora.xtec.cat\/iesacumella\/wp-content\/uploads\/usu1642\/2013\/02\/imagen2-225x300.jpg\" width=\"135\" height=\"180\" srcset=\"https:\/\/agora.xtec.cat\/iesacumella\/wp-content\/uploads\/usu1642\/2013\/02\/imagen2-225x300.jpg 225w, https:\/\/agora.xtec.cat\/iesacumella\/wp-content\/uploads\/usu1642\/2013\/02\/imagen2.jpg 384w\" sizes=\"auto, (max-width: 135px) 100vw, 135px\" \/><\/a> <a href=\"http:\/\/agora.xtec.cat\/iesacumella\/wp-content\/uploads\/usu1642\/2013\/02\/imagen3.jpg\"><img loading=\"lazy\" decoding=\"async\" class=\"aligncenter size-medium wp-image-323\" alt=\"imagen3\" src=\"http:\/\/agora.xtec.cat\/iesacumella\/wp-content\/uploads\/usu1642\/2013\/02\/imagen3-225x300.jpg\" width=\"135\" height=\"180\" \/><\/a><!--:--><\/p>\n","protected":false},"excerpt":{"rendered":"<p>El dimecres 27 de febrer s&#8217;ha dut a terme, la Jornada de Portes Obertes perqu\u00e8 els pares i mares dels futurs alumnes d&#8217;ESO coneguessin el centre. El professorat de l&#8217;Institut acompanyava les fam\u00edlies a fer un recorregut per les instal\u00b7lacions, mentre responia les preguntes i&hellip;  <a href=\"https:\/\/agora.xtec.cat\/iesacumella\/portada\/general\/portes-obertes\/\" title=\"Read Jornada de Portes Obertes\">Llegeix m\u00e9s\u00bb<\/a><\/p>\n","protected":false},"author":1,"featured_media":321,"comment_status":"closed","ping_status":"closed","sticky":false,"template":"","format":"standard","meta":{"_bbp_topic_count":0,"_bbp_reply_count":0,"_bbp_total_topic_count":0,"_bbp_total_reply_count":0,"_bbp_voice_count":0,"_bbp_anonymous_reply_count":0,"_bbp_topic_count_hidden":0,"_bbp_reply_count_hidden":0,"_bbp_forum_subforum_count":0,"footnotes":""},"categories":[1],"tags":[],"class_list":["post-1","post","type-post","status-publish","format-standard","has-post-thumbnail","hentry","category-general"],"post_mailing_queue_ids":[],"_links":{"self":[{"href":"https:\/\/agora.xtec.cat\/iesacumella\/wp-json\/wp\/v2\/posts\/1","targetHints":{"allow":["GET"]}}],"collection":[{"href":"https:\/\/agora.xtec.cat\/iesacumella\/wp-json\/wp\/v2\/posts"}],"about":[{"href":"https:\/\/agora.xtec.cat\/iesacumella\/wp-json\/wp\/v2\/types\/post"}],"author":[{"embeddable":true,"href":"https:\/\/agora.xtec.cat\/iesacumella\/wp-json\/wp\/v2\/users\/1"}],"replies":[{"embeddable":true,"href":"https:\/\/agora.xtec.cat\/iesacumella\/wp-json\/wp\/v2\/comments?post=1"}],"version-history":[{"count":0,"href":"https:\/\/agora.xtec.cat\/iesacumella\/wp-json\/wp\/v2\/posts\/1\/revisions"}],"wp:featuredmedia":[{"embeddable":true,"href":"https:\/\/agora.xtec.cat\/iesacumella\/wp-json\/wp\/v2\/media\/321"}],"wp:attachment":[{"href":"https:\/\/agora.xtec.cat\/iesacumella\/wp-json\/wp\/v2\/media?parent=1"}],"wp:term":[{"taxonomy":"category","embeddable":true,"href":"https:\/\/agora.xtec.cat\/iesacumella\/wp-json\/wp\/v2\/categories?post=1"},{"taxonomy":"post_tag","embeddable":true,"href":"https:\/\/agora.xtec.cat\/iesacumella\/wp-json\/wp\/v2\/tags?post=1"}],"curies":[{"name":"wp","href":"https:\/\/api.w.org\/{rel}","templated":true}]}}