{"id":150,"count":13,"description":"<p style=\"margin: 12px auto 6px auto; font-family: Helvetica,Arial,Sans-serif; font-style: normal; font-variant: normal; font-weight: normal; font-size: 14px; line-height: normal; font-size-adjust: none; font-stretch: normal; -x-system-font: none; display: block;\"><a style=\"text-decoration: underline;\" title=\"View avancem on Scribd\" href=\"https:\/\/www.scribd.com\/document\/384204516\/avancem#from_embed\">avancem<\/a> by <a style=\"text-decoration: underline;\" title=\"View Llu\u00ed\u00ads Serra Gil's profile on Scribd\" href=\"https:\/\/www.scribd.com\/user\/364765361\/Llui-s-Serra-Gil#from_embed\">Llu\u00ed\u00ads Serra Gil<\/a> on Scribd<\/p>\r\n<iframe id=\"doc_14548\" class=\"scribd_iframe_embed\" title=\"avancem\" src=\"https:\/\/www.scribd.com\/embeds\/384204516\/content?start_page=1&amp;view_mode=scroll&amp;access_key=key-Q8XbzJhJ0tIgww2KITA2&amp;show_recommendations=true\" width=\"100%\" height=\"600\" frameborder=\"0\" scrolling=\"no\" data-auto-height=\"false\" data-aspect-ratio=\"1.3323485967503692\"><\/iframe>\r\nEl programa d\u2019innovaci\u00f3 pedag\u00f2gica del Departament d\u2019Ensenyament Avancem: Ensenyament i Aprenentatge integrat de les lleng\u00fces t\u00e9 com a finalitat dotar el nostre alumnat d\u2019una compet\u00e8ncia pluriling\u00fce s\u00f2lida que afavoreixi\u00a0 el seu creixement acad\u00e8mic i posterior inserci\u00f3 laboral. D\u2019altra banda, fomenta un ensenyament de les lleng\u00fces competencial, que parteixi del consens i la cooperaci\u00f3 entre el professorat de llengua i que promogui el disseny de projectes d\u2019aula en qu\u00e8 participen diverses lleng\u00fces.\r\n\r\nEls objectius espec\u00edfics de l\u2019AVANCEM s\u00f3n, d\u2019acord amb els diferents col\u00b7lectius a qui s\u2019adre\u00e7a, els seg\u00fcents:\r\n\r\n<u>Alumnat<\/u>:\r\n<ul>\r\n \t<li>Millorar la compet\u00e8ncia comunicativa a trav\u00e9s d\u2019un ensenyament integrat de les lleng\u00fces<\/li>\r\n \t<li>Desvetllar la\u00a0consci\u00e8ncia pluriling\u00fce dels aprenents per promoure valors democr\u00e0tics (toler\u00e0ncia, respecte a la difer\u00e8ncia\u2026)<\/li>\r\n \t<li>Desenvolupar compet\u00e8ncies clau per al s. XXI (b\u00e0siques, del pensament i actitudinals o personals)<\/li>\r\n \t<li>Adquirir estrat\u00e8gies d\u2019intercomprensi\u00f3 i de transfer\u00e8ncia ling\u00fc\u00edstica.<\/li>\r\n \t<li>Fomentar el treball cooperatiu i per projectes<\/li>\r\n \t<li>Adquirir estrat\u00e8gies per a l\u2019aprenentatge aut\u00f2nom (aprendre a aprendre)<\/li>\r\n<\/ul>\r\n&nbsp;\r\n\r\n<u>Professorat<\/u>:\r\n<ul>\r\n \t<li>Incorporar en la doc\u00e8ncia estrat\u00e8gies per al tractament integrat de les lleng\u00fces<\/li>\r\n \t<li>Adquirir coneixement i estrat\u00e8gies per al disseny i la implementaci\u00f3 de seq\u00fc\u00e8ncies did\u00e0ctiques competencials i de projectes de comunicaci\u00f3 integrats<\/li>\r\n \t<li>Refor\u00e7ar el treball cooperatiu<\/li>\r\n \t<li>Planificar conjuntament els objectius, els continguts i els criteris d\u2019avaluaci\u00f3 de les diferents lleng\u00fces<\/li>\r\n<\/ul>\r\n<u>Equips directius<\/u>:\r\n<ul>\r\n \t<li>Incentivar la creaci\u00f3\u00a0d\u2019estructures organitzatives\u00a0\u00a0que facilitin el treball\u00a0 cooperatiu del professorat de l\u2019\u00e0mbit ling\u00fc\u00edstic<\/li>\r\n \t<li>Facilitar la cooperaci\u00f3 docent, especialment entre el professorat de lleng\u00fces, per tal d\u2019afavorir la cohesi\u00f3 dins d\u2019un mateix curs (o nivell) i tamb\u00e9 entre les diferents etapes educatives<\/li>\r\n<\/ul>","link":"https:\/\/agora.xtec.cat\/iesacumella\/categoria\/portada\/projectes\/avancem\/","name":"Avancem","slug":"avancem","taxonomy":"category","parent":117,"meta":[],"_links":{"self":[{"href":"https:\/\/agora.xtec.cat\/iesacumella\/wp-json\/wp\/v2\/categories\/150","targetHints":{"allow":["GET"]}}],"collection":[{"href":"https:\/\/agora.xtec.cat\/iesacumella\/wp-json\/wp\/v2\/categories"}],"about":[{"href":"https:\/\/agora.xtec.cat\/iesacumella\/wp-json\/wp\/v2\/taxonomies\/category"}],"up":[{"embeddable":true,"href":"https:\/\/agora.xtec.cat\/iesacumella\/wp-json\/wp\/v2\/categories\/117"}],"wp:post_type":[{"href":"https:\/\/agora.xtec.cat\/iesacumella\/wp-json\/wp\/v2\/posts?categories=150"}],"curies":[{"name":"wp","href":"https:\/\/api.w.org\/{rel}","templated":true}]}}